{"id":7205,"date":"2021-03-09T16:46:12","date_gmt":"2021-03-09T15:46:12","guid":{"rendered":"http:\/\/2021.favorite-mainz.de\/?p=7205"},"modified":"2022-06-14T13:59:37","modified_gmt":"2022-06-14T11:59:37","slug":"tagen-mit-abstand-2","status":"publish","type":"post","link":"https:\/\/www.favorite-mainz.de\/en\/tagen-mit-abstand-2\/","title":{"rendered":"Meeting with distance"},"content":{"rendered":"<div data-elementor-type=\"wp-post\" data-elementor-id=\"7205\" class=\"elementor elementor-7205\" data-elementor-settings=\"{&quot;ha_cmc_init_switcher&quot;:&quot;no&quot;}\" data-elementor-post-type=\"post\">\n\t\t\t\t\t\t<section class=\"elementor-section elementor-top-section elementor-element elementor-element-229afbcd elementor-section-boxed elementor-section-height-default elementor-section-height-default\" data-id=\"229afbcd\" data-element_type=\"section\" data-e-type=\"section\" data-settings=\"{&quot;_ha_eqh_enable&quot;:false}\">\n\t\t\t\t\t\t<div class=\"elementor-container elementor-column-gap-default\">\n\t\t\t\t\t<div class=\"elementor-column elementor-col-50 elementor-top-column elementor-element elementor-element-5ca3e285\" data-id=\"5ca3e285\" data-element_type=\"column\" data-e-type=\"column\">\n\t\t\t<div class=\"elementor-widget-wrap elementor-element-populated\">\n\t\t\t\t\t\t<div class=\"elementor-element elementor-element-48c1ca69 elementor-align-left elementor-widget elementor-widget-post-info\" data-id=\"48c1ca69\" data-element_type=\"widget\" data-e-type=\"widget\" data-widget_type=\"post-info.default\">\n\t\t\t\t<div class=\"elementor-widget-container\">\n\t\t\t\t\t\t\t<ul class=\"elementor-inline-items elementor-icon-list-items elementor-post-info\">\n\t\t\t\t\t\t\t\t<li class=\"elementor-icon-list-item elementor-repeater-item-fde9fb9 elementor-inline-item\" itemprop=\"datePublished\">\n\t\t\t\t\t\t\t\t\t\t\t\t\t<span class=\"elementor-icon-list-text elementor-post-info__item elementor-post-info__item--type-date\">\n\t\t\t\t\t\t\t\t\t\t<time>March 9, 2021<\/time>\t\t\t\t\t<\/span>\n\t\t\t\t\t\t\t\t<\/li>\n\t\t\t\t<\/ul>\n\t\t\t\t\t\t<\/div>\n\t\t\t\t<\/div>\n\t\t\t\t<div class=\"elementor-element elementor-element-00d432c elementor-widget elementor-widget-heading\" data-id=\"00d432c\" data-element_type=\"widget\" data-e-type=\"widget\" data-widget_type=\"heading.default\">\n\t\t\t\t<div class=\"elementor-widget-container\">\n\t\t\t\t\t<h1 class=\"elementor-heading-title elementor-size-default\">Meeting with distance<\/h1>\t\t\t\t<\/div>\n\t\t\t\t<\/div>\n\t\t\t\t<div class=\"elementor-element elementor-element-f8175a0 elementor-widget elementor-widget-text-editor\" data-id=\"f8175a0\" data-element_type=\"widget\" data-e-type=\"widget\" data-widget_type=\"text-editor.default\">\n\t\t\t\t<div class=\"elementor-widget-container\">\n\t\t\t\t\t\t\t\t\t<p>Thanks to the individual combination possibilities of our conference rooms, we offer enough space for events from 10 to 150 persons including adequate space for safety distance. Whether a parliamentary or a U form set up - both of it is possible with enough distance!<\/p><p>Our spacious foyer in front of our conference rooms as well as the wonderful terrace offer additional space for coffee breaks and lunch times. The fact that we take extremely care when proceeding food, is self-evident for our whole team!<\/p>\t\t\t\t\t\t\t\t<\/div>\n\t\t\t\t<\/div>\n\t\t\t\t<div class=\"elementor-element elementor-element-ce57732 elementor-widget elementor-widget-image\" data-id=\"ce57732\" data-element_type=\"widget\" data-e-type=\"widget\" data-widget_type=\"image.default\">\n\t\t\t\t<div class=\"elementor-widget-container\">\n\t\t\t\t\t\t\t\t\t\t\t\t\t\t\t<img fetchpriority=\"high\" decoding=\"async\" width=\"724\" height=\"1024\" src=\"https:\/\/www.favorite-mainz.de\/wp-content\/uploads\/2021\/04\/Favo-neu-klein-copy-724x1024.jpeg\" class=\"attachment-large size-large wp-image-7208\" alt=\"\" srcset=\"https:\/\/www.favorite-mainz.de\/wp-content\/uploads\/2021\/04\/Favo-neu-klein-copy-724x1024.jpeg 724w, https:\/\/www.favorite-mainz.de\/wp-content\/uploads\/2021\/04\/Favo-neu-klein-copy-212x300.jpeg 212w, https:\/\/www.favorite-mainz.de\/wp-content\/uploads\/2021\/04\/Favo-neu-klein-copy-768x1087.jpeg 768w, https:\/\/www.favorite-mainz.de\/wp-content\/uploads\/2021\/04\/Favo-neu-klein-copy.jpeg 793w\" sizes=\"(max-width: 724px) 100vw, 724px\" \/>\t\t\t\t\t\t\t\t\t\t\t\t\t\t\t<\/div>\n\t\t\t\t<\/div>\n\t\t\t\t<div class=\"elementor-element elementor-element-171c716 elementor-widget elementor-widget-spacer\" data-id=\"171c716\" data-element_type=\"widget\" data-e-type=\"widget\" data-widget_type=\"spacer.default\">\n\t\t\t\t<div class=\"elementor-widget-container\">\n\t\t\t\t\t\t\t<div class=\"elementor-spacer\">\n\t\t\t<div class=\"elementor-spacer-inner\"><\/div>\n\t\t<\/div>\n\t\t\t\t\t\t<\/div>\n\t\t\t\t<\/div>\n\t\t\t\t<div class=\"elementor-element elementor-element-cf6592b elementor-widget elementor-widget-heading\" data-id=\"cf6592b\" data-element_type=\"widget\" data-e-type=\"widget\" data-widget_type=\"heading.default\">\n\t\t\t\t<div class=\"elementor-widget-container\">\n\t\t\t\t\t<h2 class=\"elementor-heading-title elementor-size-default\"><a href=\"https:\/\/www.favorite-mainz.de\/wp-content\/uploads\/2021\/04\/Food-Konzept-FAVORITE-copy.pdf\">Discover our special food concept! <\/a><\/h2>\t\t\t\t<\/div>\n\t\t\t\t<\/div>\n\t\t\t\t\t<\/div>\n\t\t<\/div>\n\t\t\t\t<div class=\"elementor-column elementor-col-50 elementor-top-column elementor-element elementor-element-5871b9be\" data-id=\"5871b9be\" data-element_type=\"column\" data-e-type=\"column\">\n\t\t\t<div class=\"elementor-widget-wrap elementor-element-populated\">\n\t\t\t\t\t\t<div class=\"elementor-element elementor-element-4796d4ff elementor-widget elementor-widget-heading\" data-id=\"4796d4ff\" data-element_type=\"widget\" data-e-type=\"widget\" data-widget_type=\"heading.default\">\n\t\t\t\t<div class=\"elementor-widget-container\">\n\t\t\t\t\t<h2 class=\"elementor-heading-title elementor-size-default\">Additional news<\/h2>\t\t\t\t<\/div>\n\t\t\t\t<\/div>\n\t\t\t\t<div class=\"elementor-element elementor-element-8b77b4f elementor-grid-1 elementor-posts--thumbnail-left elementor-grid-tablet-2 elementor-grid-mobile-1 elementor-widget elementor-widget-posts\" data-id=\"8b77b4f\" data-element_type=\"widget\" data-e-type=\"widget\" data-settings=\"{&quot;classic_columns&quot;:&quot;1&quot;,&quot;classic_columns_tablet&quot;:&quot;2&quot;,&quot;classic_columns_mobile&quot;:&quot;1&quot;,&quot;classic_row_gap&quot;:{&quot;unit&quot;:&quot;px&quot;,&quot;size&quot;:35,&quot;sizes&quot;:[]},&quot;classic_row_gap_tablet&quot;:{&quot;unit&quot;:&quot;px&quot;,&quot;size&quot;:&quot;&quot;,&quot;sizes&quot;:[]},&quot;classic_row_gap_mobile&quot;:{&quot;unit&quot;:&quot;px&quot;,&quot;size&quot;:&quot;&quot;,&quot;sizes&quot;:[]}}\" data-widget_type=\"posts.classic\">\n\t\t\t\t<div class=\"elementor-widget-container\">\n\t\t\t\t\t\t\t<div class=\"elementor-posts-container elementor-posts elementor-posts--skin-classic elementor-grid\" role=\"list\">\n\t\t\t\t<article class=\"elementor-post elementor-grid-item post-31847 post type-post status-publish format-standard has-post-thumbnail hentry category-allgemein\" role=\"listitem\">\n\t\t\t\t<a class=\"elementor-post__thumbnail__link\" href=\"https:\/\/www.favorite-mainz.de\/en\/tagungsraum-mieten-im-rheingau-der-fuerst-von-metternich-saal-auf-schloss-johannisberg\/\" tabindex=\"-1\" >\n\t\t\t<div class=\"elementor-post__thumbnail\"><img decoding=\"async\" width=\"300\" height=\"135\" src=\"https:\/\/www.favorite-mainz.de\/wp-content\/uploads\/2025\/05\/Konferenz-300x135.webp\" class=\"attachment-medium size-medium wp-image-28673\" alt=\"Konferenzraum im Schloss Johannisberg\" srcset=\"https:\/\/www.favorite-mainz.de\/wp-content\/uploads\/2025\/05\/Konferenz-300x135.webp 300w, https:\/\/www.favorite-mainz.de\/wp-content\/uploads\/2025\/05\/Konferenz-1024x462.webp 1024w, https:\/\/www.favorite-mainz.de\/wp-content\/uploads\/2025\/05\/Konferenz-768x347.webp 768w, https:\/\/www.favorite-mainz.de\/wp-content\/uploads\/2025\/05\/Konferenz-18x8.webp 18w, https:\/\/www.favorite-mainz.de\/wp-content\/uploads\/2025\/05\/Konferenz.webp 1240w\" sizes=\"(max-width: 300px) 100vw, 300px\" \/><\/div>\n\t\t<\/a>\n\t\t\t\t<div class=\"elementor-post__text\">\n\t\t\t\t<h3 class=\"elementor-post__title\">\n\t\t\t<a href=\"https:\/\/www.favorite-mainz.de\/en\/tagungsraum-mieten-im-rheingau-der-fuerst-von-metternich-saal-auf-schloss-johannisberg\/\" >\n\t\t\t\tTagungsraum mieten im Rheingau: der F\u00fcrst von Metternich Saal auf Schloss Johannisberg\t\t\t<\/a>\n\t\t<\/h3>\n\t\t\t\t<\/div>\n\t\t\t\t<\/article>\n\t\t\t\t<article class=\"elementor-post elementor-grid-item post-31730 post type-post status-publish format-standard has-post-thumbnail hentry category-allgemein category-genuss-kulinarik\" role=\"listitem\">\n\t\t\t\t<a class=\"elementor-post__thumbnail__link\" href=\"https:\/\/www.favorite-mainz.de\/en\/big-bottle-party-in-der-favorite-weinbar\/\" tabindex=\"-1\" >\n\t\t\t<div class=\"elementor-post__thumbnail\"><img decoding=\"async\" width=\"240\" height=\"300\" src=\"https:\/\/www.favorite-mainz.de\/wp-content\/uploads\/2026\/04\/bigbottleparty-winzer-240x300.png\" class=\"attachment-medium size-medium wp-image-31756\" alt=\"\" srcset=\"https:\/\/www.favorite-mainz.de\/wp-content\/uploads\/2026\/04\/bigbottleparty-winzer-240x300.png 240w, https:\/\/www.favorite-mainz.de\/wp-content\/uploads\/2026\/04\/bigbottleparty-winzer-819x1024.png 819w, https:\/\/www.favorite-mainz.de\/wp-content\/uploads\/2026\/04\/bigbottleparty-winzer-768x960.png 768w, https:\/\/www.favorite-mainz.de\/wp-content\/uploads\/2026\/04\/bigbottleparty-winzer-10x12.png 10w, https:\/\/www.favorite-mainz.de\/wp-content\/uploads\/2026\/04\/bigbottleparty-winzer.png 1080w\" sizes=\"(max-width: 240px) 100vw, 240px\" \/><\/div>\n\t\t<\/a>\n\t\t\t\t<div class=\"elementor-post__text\">\n\t\t\t\t<h3 class=\"elementor-post__title\">\n\t\t\t<a href=\"https:\/\/www.favorite-mainz.de\/en\/big-bottle-party-in-der-favorite-weinbar\/\" >\n\t\t\t\tWein-Event Mainz: Big Bottle Party in der Favorite Weinbar\t\t\t<\/a>\n\t\t<\/h3>\n\t\t\t\t<\/div>\n\t\t\t\t<\/article>\n\t\t\t\t<article class=\"elementor-post elementor-grid-item post-31668 post type-post status-publish format-standard hentry category-allgemein category-genuss-kulinarik\" role=\"listitem\">\n\t\t\t\t<div class=\"elementor-post__text\">\n\t\t\t\t<h3 class=\"elementor-post__title\">\n\t\t\t<a href=\"https:\/\/www.favorite-mainz.de\/en\/sommerparty-auf-dem-hofgut-laubenheimer-hoehe\/\" >\n\t\t\t\tSommerparty auf dem Hofgut Laubenheimer H\u00f6he\t\t\t<\/a>\n\t\t<\/h3>\n\t\t\t\t<\/div>\n\t\t\t\t<\/article>\n\t\t\t\t<article class=\"elementor-post elementor-grid-item post-31484 post type-post status-publish format-standard has-post-thumbnail hentry category-allgemein category-genuss-kulinarik\" role=\"listitem\">\n\t\t\t\t<a class=\"elementor-post__thumbnail__link\" href=\"https:\/\/www.favorite-mainz.de\/en\/ostern-in-der-favorite\/\" tabindex=\"-1\" >\n\t\t\t<div class=\"elementor-post__thumbnail\"><img loading=\"lazy\" decoding=\"async\" width=\"300\" height=\"200\" src=\"https:\/\/www.favorite-mainz.de\/wp-content\/uploads\/2022\/05\/7R2A5029-Bearbeitet-min-300x200.jpg\" class=\"attachment-medium size-medium wp-image-18632\" alt=\"Erwachsene auf der Terrasse des Hofgutes Laubenheimer H\u00f6he\" srcset=\"https:\/\/www.favorite-mainz.de\/wp-content\/uploads\/2022\/05\/7R2A5029-Bearbeitet-min-300x200.jpg 300w, https:\/\/www.favorite-mainz.de\/wp-content\/uploads\/2022\/05\/7R2A5029-Bearbeitet-min-1024x683.jpg 1024w, https:\/\/www.favorite-mainz.de\/wp-content\/uploads\/2022\/05\/7R2A5029-Bearbeitet-min-768x512.jpg 768w, https:\/\/www.favorite-mainz.de\/wp-content\/uploads\/2022\/05\/7R2A5029-Bearbeitet-min-1536x1024.jpg 1536w, https:\/\/www.favorite-mainz.de\/wp-content\/uploads\/2022\/05\/7R2A5029-Bearbeitet-min-2048x1365.jpg 2048w, https:\/\/www.favorite-mainz.de\/wp-content\/uploads\/2022\/05\/7R2A5029-Bearbeitet-min-18x12.jpg 18w, https:\/\/www.favorite-mainz.de\/wp-content\/uploads\/2022\/05\/elementor\/thumbs\/7R2A5029-Bearbeitet-min-scaled-ppby2xzgz2a1bjfgjgwl247i6by9obtfmomrgwaqje.jpg 445w\" sizes=\"(max-width: 300px) 100vw, 300px\" \/><\/div>\n\t\t<\/a>\n\t\t\t\t<div class=\"elementor-post__text\">\n\t\t\t\t<h3 class=\"elementor-post__title\">\n\t\t\t<a href=\"https:\/\/www.favorite-mainz.de\/en\/ostern-in-der-favorite\/\" >\n\t\t\t\tOstern in der Favorite\t\t\t<\/a>\n\t\t<\/h3>\n\t\t\t\t<\/div>\n\t\t\t\t<\/article>\n\t\t\t\t<\/div>\n\t\t\n\t\t\t\t\t\t<\/div>\n\t\t\t\t<\/div>\n\t\t\t\t\t<\/div>\n\t\t<\/div>\n\t\t\t\t\t<\/div>\n\t\t<\/section>\n\t\t\t\t<section class=\"elementor-section elementor-top-section elementor-element elementor-element-7907c685 elementor-section-boxed elementor-section-height-default elementor-section-height-default\" data-id=\"7907c685\" data-element_type=\"section\" data-e-type=\"section\" data-settings=\"{&quot;_ha_eqh_enable&quot;:false}\">\n\t\t\t\t\t\t<div class=\"elementor-container elementor-column-gap-default\">\n\t\t\t\t\t<div class=\"elementor-column elementor-col-100 elementor-top-column elementor-element elementor-element-42438567\" data-id=\"42438567\" data-element_type=\"column\" data-e-type=\"column\">\n\t\t\t<div class=\"elementor-widget-wrap elementor-element-populated\">\n\t\t\t\t\t\t<div class=\"elementor-element elementor-element-5f7fd2e elementor-post-navigation-borders-yes elementor-widget elementor-widget-post-navigation\" data-id=\"5f7fd2e\" data-element_type=\"widget\" data-e-type=\"widget\" data-widget_type=\"post-navigation.default\">\n\t\t\t\t<div class=\"elementor-widget-container\">\n\t\t\t\t\t\t\t<div class=\"elementor-post-navigation\" role=\"navigation\" aria-label=\"Post Navigation\">\n\t\t\t<div class=\"elementor-post-navigation__prev elementor-post-navigation__link\">\n\t\t\t\t<a href=\"https:\/\/www.favorite-mainz.de\/en\/mehrtaegige-konferenzen-optimal-planen-vom-tagungsraum-bis-zur-abendgestaltung\/\" rel=\"prev\"><span class=\"post-navigation__arrow-wrapper post-navigation__arrow-prev\"><i aria-hidden=\"true\" class=\"fas fa-angle-double-left\"><\/i><span class=\"elementor-screen-only\">Prev<\/span><\/span><span class=\"elementor-post-navigation__link__prev\"><span class=\"post-navigation__prev--label\">Previous<\/span><span class=\"post-navigation__prev--title\">Mehrt\u00e4gige Konferenzen optimal planen: Vom Tagungsraum bis zur Abendgestaltung<\/span><\/span><\/a>\t\t\t<\/div>\n\t\t\t\t\t\t\t<div class=\"elementor-post-navigation__separator-wrapper\">\n\t\t\t\t\t<div class=\"elementor-post-navigation__separator\"><\/div>\n\t\t\t\t<\/div>\n\t\t\t\t\t\t<div class=\"elementor-post-navigation__next elementor-post-navigation__link\">\n\t\t\t\t<a href=\"https:\/\/www.favorite-mainz.de\/en\/sommerparty-auf-dem-hofgut-laubenheimer-hoehe\/\" rel=\"next\"><span class=\"elementor-post-navigation__link__next\"><span class=\"post-navigation__next--label\">Next<\/span><span class=\"post-navigation__next--title\">Sommerparty auf dem Hofgut Laubenheimer H\u00f6he<\/span><\/span><span class=\"post-navigation__arrow-wrapper post-navigation__arrow-next\"><i aria-hidden=\"true\" class=\"fas fa-angle-double-right\"><\/i><span class=\"elementor-screen-only\">Next<\/span><\/span><\/a>\t\t\t<\/div>\n\t\t<\/div>\n\t\t\t\t\t\t<\/div>\n\t\t\t\t<\/div>\n\t\t\t\t\t<\/div>\n\t\t<\/div>\n\t\t\t\t\t<\/div>\n\t\t<\/section>\n\t\t\t\t<\/div>","protected":false},"excerpt":{"rendered":"<p>Tagen mit Abstand Dank der individuellen Kombinationsm\u00f6glichkeit unserer Veranstaltungsr\u00e4ume bieten wir Ihnen f\u00fcr Veranstaltungen von 10 \u2013150 Personen ausreichend Platz mit entsprechendem Sicherheitsabstand. Egal ob<\/p>","protected":false},"author":5,"featured_media":974,"comment_status":"open","ping_status":"closed","sticky":false,"template":"","format":"standard","meta":{"footnotes":""},"categories":[10],"tags":[],"class_list":["post-7205","post","type-post","status-publish","format-standard","has-post-thumbnail","hentry","category-hotel-mehr"],"_links":{"self":[{"href":"https:\/\/www.favorite-mainz.de\/en\/wp-json\/wp\/v2\/posts\/7205","targetHints":{"allow":["GET"]}}],"collection":[{"href":"https:\/\/www.favorite-mainz.de\/en\/wp-json\/wp\/v2\/posts"}],"about":[{"href":"https:\/\/www.favorite-mainz.de\/en\/wp-json\/wp\/v2\/types\/post"}],"author":[{"embeddable":true,"href":"https:\/\/www.favorite-mainz.de\/en\/wp-json\/wp\/v2\/users\/5"}],"replies":[{"embeddable":true,"href":"https:\/\/www.favorite-mainz.de\/en\/wp-json\/wp\/v2\/comments?post=7205"}],"version-history":[{"count":25,"href":"https:\/\/www.favorite-mainz.de\/en\/wp-json\/wp\/v2\/posts\/7205\/revisions"}],"predecessor-version":[{"id":18894,"href":"https:\/\/www.favorite-mainz.de\/en\/wp-json\/wp\/v2\/posts\/7205\/revisions\/18894"}],"wp:featuredmedia":[{"embeddable":true,"href":"https:\/\/www.favorite-mainz.de\/en\/wp-json\/wp\/v2\/media\/974"}],"wp:attachment":[{"href":"https:\/\/www.favorite-mainz.de\/en\/wp-json\/wp\/v2\/media?parent=7205"}],"wp:term":[{"taxonomy":"category","embeddable":true,"href":"https:\/\/www.favorite-mainz.de\/en\/wp-json\/wp\/v2\/categories?post=7205"},{"taxonomy":"post_tag","embeddable":true,"href":"https:\/\/www.favorite-mainz.de\/en\/wp-json\/wp\/v2\/tags?post=7205"}],"curies":[{"name":"wp","href":"https:\/\/api.w.org\/{rel}","templated":true}]}}