{"id":31847,"date":"2026-04-22T11:31:42","date_gmt":"2026-04-22T09:31:42","guid":{"rendered":"https:\/\/www.favorite-mainz.de\/?p=31847"},"modified":"2026-04-22T11:38:20","modified_gmt":"2026-04-22T09:38:20","slug":"tagungsraum-mieten-im-rheingau-der-fuerst-von-metternich-saal-auf-schloss-johannisberg","status":"publish","type":"post","link":"https:\/\/www.favorite-mainz.de\/en\/tagungsraum-mieten-im-rheingau-der-fuerst-von-metternich-saal-auf-schloss-johannisberg\/","title":{"rendered":"Tagungsraum mieten im Rheingau: der F\u00fcrst von Metternich Saal auf Schloss Johannisberg"},"content":{"rendered":"\t\t<div data-elementor-type=\"wp-post\" data-elementor-id=\"31847\" class=\"elementor elementor-31847\" data-elementor-settings=\"{&quot;ha_cmc_init_switcher&quot;:&quot;no&quot;}\" data-elementor-post-type=\"post\">\n\t\t\t\t\t\t<section class=\"elementor-section elementor-top-section elementor-element elementor-element-68c600c elementor-section-boxed elementor-section-height-default elementor-section-height-default\" data-id=\"68c600c\" data-element_type=\"section\" data-e-type=\"section\" data-settings=\"{&quot;_ha_eqh_enable&quot;:false}\">\n\t\t\t\t\t\t<div class=\"elementor-container elementor-column-gap-default\">\n\t\t\t\t\t<div class=\"elementor-column elementor-col-100 elementor-top-column elementor-element elementor-element-3093ef5\" data-id=\"3093ef5\" data-element_type=\"column\" data-e-type=\"column\">\n\t\t\t<div class=\"elementor-widget-wrap elementor-element-populated\">\n\t\t\t\t\t\t<div class=\"elementor-element elementor-element-21f8de2 elementor-widget elementor-widget-heading\" data-id=\"21f8de2\" data-element_type=\"widget\" data-e-type=\"widget\" data-widget_type=\"heading.default\">\n\t\t\t\t<div class=\"elementor-widget-container\">\n\t\t\t\t\t<h1 class=\"elementor-heading-title elementor-size-default\">Tagungsraum mieten im Rheingau: der F\u00fcrst von Metternich Saal auf Schloss Johannisberg<\/h1>\t\t\t\t<\/div>\n\t\t\t\t<\/div>\n\t\t\t\t\t<\/div>\n\t\t<\/div>\n\t\t\t\t\t<\/div>\n\t\t<\/section>\n\t\t\t\t<section class=\"elementor-section elementor-top-section elementor-element elementor-element-ff870c8 elementor-section-boxed elementor-section-height-default elementor-section-height-default\" data-id=\"ff870c8\" data-element_type=\"section\" data-e-type=\"section\" data-settings=\"{&quot;_ha_eqh_enable&quot;:false}\">\n\t\t\t\t\t\t<div class=\"elementor-container elementor-column-gap-default\">\n\t\t\t\t\t<div class=\"elementor-column elementor-col-100 elementor-top-column elementor-element elementor-element-6eb3e14\" data-id=\"6eb3e14\" data-element_type=\"column\" data-e-type=\"column\">\n\t\t\t<div class=\"elementor-widget-wrap elementor-element-populated\">\n\t\t\t\t\t\t<div class=\"elementor-element elementor-element-c02084a elementor-widget elementor-widget-text-editor\" data-id=\"c02084a\" data-element_type=\"widget\" data-e-type=\"widget\" data-widget_type=\"text-editor.default\">\n\t\t\t\t<div class=\"elementor-widget-container\">\n\t\t\t\t\t\t\t\t\t<p>Wer einen Tagungsraum im Rheingau sucht, findet auf Schloss Johannisberg eine Location, die mehr bietet als vier W\u00e4nde und einen Beamer. Der F\u00fcrst von Metternich Saal verbindet <strong>historisches Ambiente<\/strong> mit moderner Tagungsinfrastruktur \u2013 und mit einem Ausblick \u00fcber die Weinberge, der Konferenzen zu etwas Besonderem macht.<\/p>\t\t\t\t\t\t\t\t<\/div>\n\t\t\t\t<\/div>\n\t\t\t\t<div class=\"elementor-element elementor-element-bb2a7a2 elementor-widget elementor-widget-spacer\" data-id=\"bb2a7a2\" data-element_type=\"widget\" data-e-type=\"widget\" data-widget_type=\"spacer.default\">\n\t\t\t\t<div class=\"elementor-widget-container\">\n\t\t\t\t\t\t\t<div class=\"elementor-spacer\">\n\t\t\t<div class=\"elementor-spacer-inner\"><\/div>\n\t\t<\/div>\n\t\t\t\t\t\t<\/div>\n\t\t\t\t<\/div>\n\t\t\t\t\t<\/div>\n\t\t<\/div>\n\t\t\t\t\t<\/div>\n\t\t<\/section>\n\t\t\t\t<section class=\"elementor-section elementor-top-section elementor-element elementor-element-93b5e48 elementor-section-boxed elementor-section-height-default elementor-section-height-default\" data-id=\"93b5e48\" data-element_type=\"section\" data-e-type=\"section\" data-settings=\"{&quot;_ha_eqh_enable&quot;:false}\">\n\t\t\t\t\t\t<div class=\"elementor-container elementor-column-gap-default\">\n\t\t\t\t\t<div class=\"elementor-column elementor-col-100 elementor-top-column elementor-element elementor-element-8f50cea\" data-id=\"8f50cea\" data-element_type=\"column\" data-e-type=\"column\">\n\t\t\t<div class=\"elementor-widget-wrap elementor-element-populated\">\n\t\t\t\t\t\t<div class=\"elementor-element elementor-element-e7be80f elementor-widget elementor-widget-heading\" data-id=\"e7be80f\" data-element_type=\"widget\" data-e-type=\"widget\" data-widget_type=\"heading.default\">\n\t\t\t\t<div class=\"elementor-widget-container\">\n\t\t\t\t\t<h2 class=\"elementor-heading-title elementor-size-default\">Inhaltsverzeichnis\n<\/h2>\t\t\t\t<\/div>\n\t\t\t\t<\/div>\n\t\t\t\t\t<\/div>\n\t\t<\/div>\n\t\t\t\t\t<\/div>\n\t\t<\/section>\n\t\t\t\t<section class=\"elementor-section elementor-top-section elementor-element elementor-element-7241cc6 elementor-section-boxed elementor-section-height-default elementor-section-height-default\" data-id=\"7241cc6\" data-element_type=\"section\" data-e-type=\"section\" data-settings=\"{&quot;_ha_eqh_enable&quot;:false}\">\n\t\t\t\t\t\t<div class=\"elementor-container elementor-column-gap-default\">\n\t\t\t\t\t<div class=\"elementor-column elementor-col-100 elementor-top-column elementor-element elementor-element-a9433e7\" data-id=\"a9433e7\" data-element_type=\"column\" data-e-type=\"column\">\n\t\t\t<div class=\"elementor-widget-wrap elementor-element-populated\">\n\t\t\t\t\t\t<div class=\"elementor-element elementor-element-0e395ac elementor-widget elementor-widget-text-editor\" data-id=\"0e395ac\" data-element_type=\"widget\" data-e-type=\"widget\" data-widget_type=\"text-editor.default\">\n\t\t\t\t<div class=\"elementor-widget-container\">\n\t\t\t\t\t\t\t\t\t<ol>\n \t<li><a href=\"#1\">Das Wichtigste in K\u00fcrze<\/a><\/li>\n \t<li><a href=\"#2\">Was macht den F\u00fcrst von Metternich Saal zur idealen Tagungslocation?<\/a><\/li>\n \t<li><a href=\"#3\">Technik, Raumgr\u00f6\u00dfe und Bestuhlung: Was wir bieten<\/a><\/li>\n \t<li><a href=\"#4\">Kulinarische Begleitung als Teil des Konzepts<\/a><\/li>\n \t<li><a href=\"#5\">Lage und Erreichbarkeit: Tagungen mit Abstand zum Alltag<\/a><\/li>\n \t<li><a href=\"#6\">FAQ<\/a><\/li>\n \t<li><a href=\"#7\">Fazit<\/a><\/li>\n<\/ol>\t\t\t\t\t\t\t\t<\/div>\n\t\t\t\t<\/div>\n\t\t\t\t\t<\/div>\n\t\t<\/div>\n\t\t\t\t\t<\/div>\n\t\t<\/section>\n\t\t\t\t<section class=\"elementor-section elementor-top-section elementor-element elementor-element-fdd589e elementor-section-boxed elementor-section-height-default elementor-section-height-default\" data-id=\"fdd589e\" data-element_type=\"section\" data-e-type=\"section\" data-settings=\"{&quot;_ha_eqh_enable&quot;:false}\">\n\t\t\t\t\t\t<div class=\"elementor-container elementor-column-gap-default\">\n\t\t\t\t\t<div class=\"elementor-column elementor-col-100 elementor-top-column elementor-element elementor-element-48535d7\" data-id=\"48535d7\" data-element_type=\"column\" data-e-type=\"column\">\n\t\t\t<div class=\"elementor-widget-wrap elementor-element-populated\">\n\t\t\t\t\t\t<div class=\"elementor-element elementor-element-29b7ae1 elementor-widget elementor-widget-spacer\" data-id=\"29b7ae1\" data-element_type=\"widget\" data-e-type=\"widget\" data-widget_type=\"spacer.default\">\n\t\t\t\t<div class=\"elementor-widget-container\">\n\t\t\t\t\t\t\t<div class=\"elementor-spacer\">\n\t\t\t<div class=\"elementor-spacer-inner\"><\/div>\n\t\t<\/div>\n\t\t\t\t\t\t<\/div>\n\t\t\t\t<\/div>\n\t\t\t\t\t<\/div>\n\t\t<\/div>\n\t\t\t\t\t<\/div>\n\t\t<\/section>\n\t\t\t\t<section class=\"elementor-section elementor-top-section elementor-element elementor-element-d457094 elementor-section-boxed elementor-section-height-default elementor-section-height-default\" data-id=\"d457094\" data-element_type=\"section\" data-e-type=\"section\" data-settings=\"{&quot;_ha_eqh_enable&quot;:false}\">\n\t\t\t\t\t\t<div class=\"elementor-container elementor-column-gap-default\">\n\t\t\t\t\t<div class=\"elementor-column elementor-col-100 elementor-top-column elementor-element elementor-element-9b588b0\" data-id=\"9b588b0\" data-element_type=\"column\" data-e-type=\"column\">\n\t\t\t<div class=\"elementor-widget-wrap elementor-element-populated\">\n\t\t\t\t\t\t<div class=\"elementor-element elementor-element-e0a6b3b elementor-widget elementor-widget-heading\" data-id=\"e0a6b3b\" data-element_type=\"widget\" data-e-type=\"widget\" id=\"1\" data-widget_type=\"heading.default\">\n\t\t\t\t<div class=\"elementor-widget-container\">\n\t\t\t\t\t<h2 class=\"elementor-heading-title elementor-size-default\">Das Wichtigste in K\u00fcrze<\/h2>\t\t\t\t<\/div>\n\t\t\t\t<\/div>\n\t\t\t\t\t<\/div>\n\t\t<\/div>\n\t\t\t\t\t<\/div>\n\t\t<\/section>\n\t\t\t\t<section class=\"elementor-section elementor-top-section elementor-element elementor-element-44b8ec5 elementor-section-boxed elementor-section-height-default elementor-section-height-default\" data-id=\"44b8ec5\" data-element_type=\"section\" data-e-type=\"section\" data-settings=\"{&quot;_ha_eqh_enable&quot;:false}\">\n\t\t\t\t\t\t<div class=\"elementor-container elementor-column-gap-default\">\n\t\t\t\t\t<div class=\"elementor-column elementor-col-50 elementor-top-column elementor-element elementor-element-4c32edd\" data-id=\"4c32edd\" data-element_type=\"column\" data-e-type=\"column\">\n\t\t\t<div class=\"elementor-widget-wrap elementor-element-populated\">\n\t\t\t\t\t\t<div class=\"elementor-element elementor-element-b6558d2 elementor-widget elementor-widget-text-editor\" data-id=\"b6558d2\" data-element_type=\"widget\" data-e-type=\"widget\" data-widget_type=\"text-editor.default\">\n\t\t\t\t<div class=\"elementor-widget-container\">\n\t\t\t\t\t\t\t\t\t<ul><li>Der F\u00fcrst von Metternich Saal bietet Platz f\u00fcr bis zu 350 Personen in verschiedenen Bestuhlungsformaten.<\/li><li>Moderne Tagungstechnik trifft auf historisches Schlossambiente im Herzen des Rheingaus.<\/li><li>Professionelle Betreuung durch Familie Barth und das erfahrene Team der Favorite Schlossgastronomie.<\/li><li>Regionale K\u00fcche und Rheingauer Weine sorgen f\u00fcr eine kulinarische Begleitung, die in Erinnerung bleibt.<\/li><li>Schloss Johannisberg liegt weitab vom st\u00e4dtischen Alltag \u2013 und genau das f\u00f6rdert Konzentration und Kreativit\u00e4t.<\/li><\/ul>\t\t\t\t\t\t\t\t<\/div>\n\t\t\t\t<\/div>\n\t\t\t\t\t<\/div>\n\t\t<\/div>\n\t\t\t\t<div class=\"elementor-column elementor-col-50 elementor-top-column elementor-element elementor-element-2229a52\" data-id=\"2229a52\" data-element_type=\"column\" data-e-type=\"column\">\n\t\t\t<div class=\"elementor-widget-wrap elementor-element-populated\">\n\t\t\t\t\t\t<div class=\"elementor-element elementor-element-bb4ff60 elementor-widget elementor-widget-image\" data-id=\"bb4ff60\" data-element_type=\"widget\" data-e-type=\"widget\" data-widget_type=\"image.default\">\n\t\t\t\t<div class=\"elementor-widget-container\">\n\t\t\t\t\t\t\t\t\t\t\t\t\t\t\t<img fetchpriority=\"high\" decoding=\"async\" width=\"768\" height=\"512\" src=\"https:\/\/www.favorite-mainz.de\/wp-content\/uploads\/2025\/05\/7R2A4617-Bearbeitet-1-768x512.jpg\" class=\"attachment-medium_large size-medium_large wp-image-29081\" alt=\"Wei\u00dfwein wird eingeschenkt\" srcset=\"https:\/\/www.favorite-mainz.de\/wp-content\/uploads\/2025\/05\/7R2A4617-Bearbeitet-1-768x512.jpg 768w, https:\/\/www.favorite-mainz.de\/wp-content\/uploads\/2025\/05\/7R2A4617-Bearbeitet-1-300x200.jpg 300w, https:\/\/www.favorite-mainz.de\/wp-content\/uploads\/2025\/05\/7R2A4617-Bearbeitet-1-1024x683.jpg 1024w, https:\/\/www.favorite-mainz.de\/wp-content\/uploads\/2025\/05\/7R2A4617-Bearbeitet-1-1536x1024.jpg 1536w, https:\/\/www.favorite-mainz.de\/wp-content\/uploads\/2025\/05\/7R2A4617-Bearbeitet-1-2048x1365.jpg 2048w, https:\/\/www.favorite-mainz.de\/wp-content\/uploads\/2025\/05\/7R2A4617-Bearbeitet-1-18x12.jpg 18w, https:\/\/www.favorite-mainz.de\/wp-content\/uploads\/2025\/05\/elementor\/thumbs\/7R2A4617-Bearbeitet-1-scaled-r6k6j78p8krpkrw7p6m4bm9g3r10wbhqyph63yo9ne.jpg 445w\" sizes=\"(max-width: 768px) 100vw, 768px\" \/>\t\t\t\t\t\t\t\t\t\t\t\t\t\t\t<\/div>\n\t\t\t\t<\/div>\n\t\t\t\t\t<\/div>\n\t\t<\/div>\n\t\t\t\t\t<\/div>\n\t\t<\/section>\n\t\t\t\t<section class=\"elementor-section elementor-top-section elementor-element elementor-element-3979bf6 elementor-section-boxed elementor-section-height-default elementor-section-height-default\" data-id=\"3979bf6\" data-element_type=\"section\" data-e-type=\"section\" data-settings=\"{&quot;_ha_eqh_enable&quot;:false}\">\n\t\t\t\t\t\t<div class=\"elementor-container elementor-column-gap-default\">\n\t\t\t\t\t<div class=\"elementor-column elementor-col-100 elementor-top-column elementor-element elementor-element-1e94e44\" data-id=\"1e94e44\" data-element_type=\"column\" data-e-type=\"column\">\n\t\t\t<div class=\"elementor-widget-wrap elementor-element-populated\">\n\t\t\t\t\t\t<div class=\"elementor-element elementor-element-a066fa1 elementor-widget elementor-widget-spacer\" data-id=\"a066fa1\" data-element_type=\"widget\" data-e-type=\"widget\" data-widget_type=\"spacer.default\">\n\t\t\t\t<div class=\"elementor-widget-container\">\n\t\t\t\t\t\t\t<div class=\"elementor-spacer\">\n\t\t\t<div class=\"elementor-spacer-inner\"><\/div>\n\t\t<\/div>\n\t\t\t\t\t\t<\/div>\n\t\t\t\t<\/div>\n\t\t\t\t\t<\/div>\n\t\t<\/div>\n\t\t\t\t\t<\/div>\n\t\t<\/section>\n\t\t\t\t<section class=\"elementor-section elementor-top-section elementor-element elementor-element-d27d74b elementor-section-boxed elementor-section-height-default elementor-section-height-default\" data-id=\"d27d74b\" data-element_type=\"section\" data-e-type=\"section\" data-settings=\"{&quot;_ha_eqh_enable&quot;:false}\">\n\t\t\t\t\t\t<div class=\"elementor-container elementor-column-gap-default\">\n\t\t\t\t\t<div class=\"elementor-column elementor-col-100 elementor-top-column elementor-element elementor-element-9973fe9\" data-id=\"9973fe9\" data-element_type=\"column\" data-e-type=\"column\">\n\t\t\t<div class=\"elementor-widget-wrap elementor-element-populated\">\n\t\t\t\t\t\t<div class=\"elementor-element elementor-element-1cdc021 elementor-widget elementor-widget-heading\" data-id=\"1cdc021\" data-element_type=\"widget\" data-e-type=\"widget\" id=\"2\" data-widget_type=\"heading.default\">\n\t\t\t\t<div class=\"elementor-widget-container\">\n\t\t\t\t\t<h2 class=\"elementor-heading-title elementor-size-default\">Was macht den F\u00fcrst von Metternich Saal zur idealen Tagungslocation?<\/h2>\t\t\t\t<\/div>\n\t\t\t\t<\/div>\n\t\t\t\t\t<\/div>\n\t\t<\/div>\n\t\t\t\t\t<\/div>\n\t\t<\/section>\n\t\t\t\t<section class=\"elementor-section elementor-top-section elementor-element elementor-element-003c183 elementor-section-boxed elementor-section-height-default elementor-section-height-default\" data-id=\"003c183\" data-element_type=\"section\" data-e-type=\"section\" data-settings=\"{&quot;_ha_eqh_enable&quot;:false}\">\n\t\t\t\t\t\t<div class=\"elementor-container elementor-column-gap-default\">\n\t\t\t\t\t<div class=\"elementor-column elementor-col-100 elementor-top-column elementor-element elementor-element-adebd61\" data-id=\"adebd61\" data-element_type=\"column\" data-e-type=\"column\">\n\t\t\t<div class=\"elementor-widget-wrap elementor-element-populated\">\n\t\t\t\t\t\t<div class=\"elementor-element elementor-element-cd80f19 elementor-widget elementor-widget-text-editor\" data-id=\"cd80f19\" data-element_type=\"widget\" data-e-type=\"widget\" data-widget_type=\"text-editor.default\">\n\t\t\t\t<div class=\"elementor-widget-container\">\n\t\t\t\t\t\t\t\t\t<p>Tagungen gelingen nicht allein durch Agenda und Technik. Die <strong>Atmosph\u00e4re eines Ortes<\/strong> beeinflusst, wie Menschen denken, diskutieren und entscheiden. Der F\u00fcrst von Metternich Saal auf Schloss Johannisberg schafft einen Rahmen, der Arbeit und Inspiration verbindet: hohe Decken, historischer Charakter, nat\u00fcrliches Licht und der Blick auf die Rheingauer Weinberge<\/p>\t\t\t\t\t\t\t\t<\/div>\n\t\t\t\t<\/div>\n\t\t\t\t<div class=\"elementor-element elementor-element-606ed5a elementor-widget elementor-widget-text-editor\" data-id=\"606ed5a\" data-element_type=\"widget\" data-e-type=\"widget\" data-widget_type=\"text-editor.default\">\n\t\t\t\t<div class=\"elementor-widget-container\">\n\t\t\t\t\t\t\t\t\t<p>Die Location wird von <strong>Familie Barth<\/strong> gef\u00fchrt \u2013 Gastgeber mit langj\u00e4hriger Erfahrung in der professionellen Veranstaltungsbegleitung. Von der ersten Anfrage bis zum letzten Programmpunkt steht ein <strong>eingespieltes Team<\/strong> bereit, das individuelle Formate kennt und umsetzt.<\/p>\t\t\t\t\t\t\t\t<\/div>\n\t\t\t\t<\/div>\n\t\t\t\t\t<\/div>\n\t\t<\/div>\n\t\t\t\t\t<\/div>\n\t\t<\/section>\n\t\t\t\t<section class=\"elementor-section elementor-top-section elementor-element elementor-element-2fcdb7e elementor-section-boxed elementor-section-height-default elementor-section-height-default\" data-id=\"2fcdb7e\" data-element_type=\"section\" data-e-type=\"section\" data-settings=\"{&quot;_ha_eqh_enable&quot;:false}\">\n\t\t\t\t\t\t<div class=\"elementor-container elementor-column-gap-default\">\n\t\t\t\t\t<div class=\"elementor-column elementor-col-100 elementor-top-column elementor-element elementor-element-8f1b3a1\" data-id=\"8f1b3a1\" data-element_type=\"column\" data-e-type=\"column\">\n\t\t\t<div class=\"elementor-widget-wrap elementor-element-populated\">\n\t\t\t\t\t\t<div class=\"elementor-element elementor-element-0ab68d5 elementor-widget elementor-widget-heading\" data-id=\"0ab68d5\" data-element_type=\"widget\" data-e-type=\"widget\" id=\"3\" data-widget_type=\"heading.default\">\n\t\t\t\t<div class=\"elementor-widget-container\">\n\t\t\t\t\t<h2 class=\"elementor-heading-title elementor-size-default\">Technik, Raumgr\u00f6\u00dfe und Bestuhlung: Was wir bieten<\/h2>\t\t\t\t<\/div>\n\t\t\t\t<\/div>\n\t\t\t\t\t<\/div>\n\t\t<\/div>\n\t\t\t\t\t<\/div>\n\t\t<\/section>\n\t\t\t\t<section class=\"elementor-section elementor-top-section elementor-element elementor-element-ea7745a elementor-section-boxed elementor-section-height-default elementor-section-height-default\" data-id=\"ea7745a\" data-element_type=\"section\" data-e-type=\"section\" data-settings=\"{&quot;_ha_eqh_enable&quot;:false}\">\n\t\t\t\t\t\t<div class=\"elementor-container elementor-column-gap-default\">\n\t\t\t\t\t<div class=\"elementor-column elementor-col-100 elementor-top-column elementor-element elementor-element-34255fa\" data-id=\"34255fa\" data-element_type=\"column\" data-e-type=\"column\">\n\t\t\t<div class=\"elementor-widget-wrap elementor-element-populated\">\n\t\t\t\t\t\t<div class=\"elementor-element elementor-element-b313c16 elementor-widget elementor-widget-text-editor\" data-id=\"b313c16\" data-element_type=\"widget\" data-e-type=\"widget\" data-widget_type=\"text-editor.default\">\n\t\t\t\t<div class=\"elementor-widget-container\">\n\t\t\t\t\t\t\t\t\t<p>Der Saal ist <strong>flexibel bespielbar<\/strong>: Ob Parlamentsbestuhlung f\u00fcr Plenarvortr\u00e4ge, U-Form f\u00fcr moderierte Diskussionsrunden oder Gruppenaufstellung f\u00fcr Workshopformate \u2013 die Raumaufteilung passt sich dem jeweiligen Veranstaltungsformat an. Mit Kapazit\u00e4ten bis zu 350 Personen eignet sich die Location f\u00fcr kleinere Klausurtagungen ebenso wie f\u00fcr gro\u00dfe <strong>Unternehmenskonferenzen<\/strong>.<\/p>\t\t\t\t\t\t\t\t<\/div>\n\t\t\t\t<\/div>\n\t\t\t\t<div class=\"elementor-element elementor-element-56a3134 elementor-widget elementor-widget-text-editor\" data-id=\"56a3134\" data-element_type=\"widget\" data-e-type=\"widget\" data-widget_type=\"text-editor.default\">\n\t\t\t\t<div class=\"elementor-widget-container\">\n\t\t\t\t\t\t\t\t\tDie technische Ausstattung entspricht professionellen Tagungsanforderungen: Pr\u00e4sentationstechnik, Beschallungsanlage und stabile Konnektivit\u00e4t geh\u00f6ren zum Standard. F\u00fcr spezifische Anforderungen stimmt sich das Team individuell mit Ihnen ab.\n\t\t\t\t\t\t\t\t<\/div>\n\t\t\t\t<\/div>\n\t\t\t\t<div class=\"elementor-element elementor-element-7c55271 elementor-widget elementor-widget-text-editor\" data-id=\"7c55271\" data-element_type=\"widget\" data-e-type=\"widget\" data-widget_type=\"text-editor.default\">\n\t\t\t\t<div class=\"elementor-widget-container\">\n\t\t\t\t\t\t\t\t\t<p><strong>Auf einen Blick: Was der F\u00fcrst von Metternich Saal bietet<\/strong><\/p><ul><li>Kapazit\u00e4t bis 350 Personen<\/li><li>Flexible Bestuhlung je nach Tagungsformat<\/li><li>Moderne Tagungstechnik inklusive technischem Support w\u00e4hrend der Veranstaltung<\/li><li>Tageslicht und Verdunkelungsm\u00f6glichkeiten<\/li><li>Barrierefreier Zugang<\/li><li>Parkpl\u00e4tze auf dem Schlossgel\u00e4nde<\/li><\/ul>\t\t\t\t\t\t\t\t<\/div>\n\t\t\t\t<\/div>\n\t\t\t\t<div class=\"elementor-element elementor-element-7d40c5c elementor-widget elementor-widget-image\" data-id=\"7d40c5c\" data-element_type=\"widget\" data-e-type=\"widget\" data-widget_type=\"image.default\">\n\t\t\t\t<div class=\"elementor-widget-container\">\n\t\t\t\t\t\t\t\t\t\t\t\t\t\t\t<img decoding=\"async\" width=\"800\" height=\"600\" src=\"https:\/\/www.favorite-mainz.de\/wp-content\/uploads\/2025\/05\/HZ-1024x768.jpg\" class=\"attachment-large size-large wp-image-28700\" alt=\"F\u00fcrst von Metternich Saal f\u00fcr gesch\u00e4ftliche Veranstaltungen\" srcset=\"https:\/\/www.favorite-mainz.de\/wp-content\/uploads\/2025\/05\/HZ-1024x768.jpg 1024w, https:\/\/www.favorite-mainz.de\/wp-content\/uploads\/2025\/05\/HZ-300x225.jpg 300w, https:\/\/www.favorite-mainz.de\/wp-content\/uploads\/2025\/05\/HZ-768x576.jpg 768w, https:\/\/www.favorite-mainz.de\/wp-content\/uploads\/2025\/05\/HZ-1536x1152.jpg 1536w, https:\/\/www.favorite-mainz.de\/wp-content\/uploads\/2025\/05\/HZ-2048x1536.jpg 2048w, https:\/\/www.favorite-mainz.de\/wp-content\/uploads\/2025\/05\/HZ-16x12.jpg 16w\" sizes=\"(max-width: 800px) 100vw, 800px\" \/>\t\t\t\t\t\t\t\t\t\t\t\t\t\t\t<\/div>\n\t\t\t\t<\/div>\n\t\t\t\t\t<\/div>\n\t\t<\/div>\n\t\t\t\t\t<\/div>\n\t\t<\/section>\n\t\t\t\t<section class=\"elementor-section elementor-top-section elementor-element elementor-element-a610dfb elementor-section-boxed elementor-section-height-default elementor-section-height-default\" data-id=\"a610dfb\" data-element_type=\"section\" data-e-type=\"section\" data-settings=\"{&quot;_ha_eqh_enable&quot;:false}\">\n\t\t\t\t\t\t<div class=\"elementor-container elementor-column-gap-default\">\n\t\t\t\t\t<div class=\"elementor-column elementor-col-100 elementor-top-column elementor-element elementor-element-2981053\" data-id=\"2981053\" data-element_type=\"column\" data-e-type=\"column\">\n\t\t\t<div class=\"elementor-widget-wrap elementor-element-populated\">\n\t\t\t\t\t\t<div class=\"elementor-element elementor-element-c5e6640 elementor-widget elementor-widget-heading\" data-id=\"c5e6640\" data-element_type=\"widget\" data-e-type=\"widget\" id=\"4\" data-widget_type=\"heading.default\">\n\t\t\t\t<div class=\"elementor-widget-container\">\n\t\t\t\t\t<h2 class=\"elementor-heading-title elementor-size-default\">Kulinarische Begleitung als Teil des Konzepts<\/h2>\t\t\t\t<\/div>\n\t\t\t\t<\/div>\n\t\t\t\t<div class=\"elementor-element elementor-element-e67f725 elementor-widget elementor-widget-text-editor\" data-id=\"e67f725\" data-element_type=\"widget\" data-e-type=\"widget\" data-widget_type=\"text-editor.default\">\n\t\t\t\t<div class=\"elementor-widget-container\">\n\t\t\t\t\t\t\t\t\t<p>Zur Favorite Schlossgastronomie geh\u00f6rt ein klares Verst\u00e4ndnis: Verpflegung ist kein Anhang, sondern ein <strong>Leistungsfaktor<\/strong>. Kaffeepausen, Mittagessen und Abendempf\u00e4nge werden mit <strong>regionalen Produkten<\/strong> und den Weinen des Hauses gestaltet \u2013 authentisch, frisch und auf das jeweilige Format abgestimmt.<\/p>\t\t\t\t\t\t\t\t<\/div>\n\t\t\t\t<\/div>\n\t\t\t\t<div class=\"elementor-element elementor-element-b35cdea elementor-widget elementor-widget-text-editor\" data-id=\"b35cdea\" data-element_type=\"widget\" data-e-type=\"widget\" data-widget_type=\"text-editor.default\">\n\t\t\t\t<div class=\"elementor-widget-container\">\n\t\t\t\t\t\t\t\t\t<p>Ob klassische Tagungspauschale oder individuell zusammengestelltes Catering: Das K\u00fcchenteam auf Schloss Johannisberg entwickelt <strong>gemeinsam mit Ihnen ein kulinarisches Konzept<\/strong>, das zur Veranstaltung passt \u2013 und Ihren G\u00e4sten etwas gibt, wor\u00fcber sie noch danach sprechen.<\/p>\t\t\t\t\t\t\t\t<\/div>\n\t\t\t\t<\/div>\n\t\t\t\t\t<\/div>\n\t\t<\/div>\n\t\t\t\t\t<\/div>\n\t\t<\/section>\n\t\t\t\t<section class=\"elementor-section elementor-top-section elementor-element elementor-element-24d6285 elementor-section-boxed elementor-section-height-default elementor-section-height-default\" data-id=\"24d6285\" data-element_type=\"section\" data-e-type=\"section\" data-settings=\"{&quot;_ha_eqh_enable&quot;:false}\">\n\t\t\t\t\t\t<div class=\"elementor-container elementor-column-gap-default\">\n\t\t\t\t\t<div class=\"elementor-column elementor-col-100 elementor-top-column elementor-element elementor-element-376e71b\" data-id=\"376e71b\" data-element_type=\"column\" data-e-type=\"column\">\n\t\t\t<div class=\"elementor-widget-wrap elementor-element-populated\">\n\t\t\t\t\t\t<div class=\"elementor-element elementor-element-ca26507 elementor-widget elementor-widget-heading\" data-id=\"ca26507\" data-element_type=\"widget\" data-e-type=\"widget\" id=\"5\" data-widget_type=\"heading.default\">\n\t\t\t\t<div class=\"elementor-widget-container\">\n\t\t\t\t\t<h2 class=\"elementor-heading-title elementor-size-default\">Lage und Erreichbarkeit: Tagungen mit Abstand zum Alltag<\/h2>\t\t\t\t<\/div>\n\t\t\t\t<\/div>\n\t\t\t\t<div class=\"elementor-element elementor-element-bd07265 elementor-widget elementor-widget-text-editor\" data-id=\"bd07265\" data-element_type=\"widget\" data-e-type=\"widget\" data-widget_type=\"text-editor.default\">\n\t\t\t\t<div class=\"elementor-widget-container\">\n\t\t\t\t\t\t\t\t\t<p>Schloss Johannisberg liegt in Geisenheim im Rheingau \u2013 gut erreichbar aus dem Rhein-Main-Gebiet, Wiesbaden und Frankfurt, gleichzeitig weit genug vom st\u00e4dtischen Alltag entfernt, um wirklich konzentriert arbeiten zu k\u00f6nnen. Diese Kombination aus Erreichbarkeit und Atmosph\u00e4re macht die Location besonders f\u00fcr <strong>ganzt\u00e4gige oder mehrt\u00e4gige Formate<\/strong> attraktiv.<\/p>\t\t\t\t\t\t\t\t<\/div>\n\t\t\t\t<\/div>\n\t\t\t\t<div class=\"elementor-element elementor-element-239bdc6 elementor-widget elementor-widget-text-editor\" data-id=\"239bdc6\" data-element_type=\"widget\" data-e-type=\"widget\" data-widget_type=\"text-editor.default\">\n\t\t\t\t<div class=\"elementor-widget-container\">\n\t\t\t\t\t\t\t\t\t<p>Parkpl\u00e4tze auf dem Schlossgel\u00e4nde stehen zur Verf\u00fcgung. F\u00fcr <strong>Veranstaltungen mit \u00dcbernachtung<\/strong> bietet das Favorite Parkhotel Mainz als Partnerhaus weitere Unterst\u00fctzung.<\/p>\t\t\t\t\t\t\t\t<\/div>\n\t\t\t\t<\/div>\n\t\t\t\t<div class=\"elementor-element elementor-element-73be65c elementor-widget elementor-widget-image\" data-id=\"73be65c\" data-element_type=\"widget\" data-e-type=\"widget\" data-widget_type=\"image.default\">\n\t\t\t\t<div class=\"elementor-widget-container\">\n\t\t\t\t\t\t\t\t\t\t\t\t\t\t\t<img decoding=\"async\" width=\"800\" height=\"379\" src=\"https:\/\/www.favorite-mainz.de\/wp-content\/uploads\/2025\/05\/schloss-johannisberg-luftaufnahme-1024x485.jpg\" class=\"attachment-large size-large wp-image-28658\" alt=\"Schloss Johannisberg von oben\" srcset=\"https:\/\/www.favorite-mainz.de\/wp-content\/uploads\/2025\/05\/schloss-johannisberg-luftaufnahme-1024x485.jpg 1024w, https:\/\/www.favorite-mainz.de\/wp-content\/uploads\/2025\/05\/schloss-johannisberg-luftaufnahme-300x142.jpg 300w, https:\/\/www.favorite-mainz.de\/wp-content\/uploads\/2025\/05\/schloss-johannisberg-luftaufnahme-768x364.jpg 768w, https:\/\/www.favorite-mainz.de\/wp-content\/uploads\/2025\/05\/schloss-johannisberg-luftaufnahme-1536x728.jpg 1536w, https:\/\/www.favorite-mainz.de\/wp-content\/uploads\/2025\/05\/schloss-johannisberg-luftaufnahme-18x9.jpg 18w, https:\/\/www.favorite-mainz.de\/wp-content\/uploads\/2025\/05\/schloss-johannisberg-luftaufnahme.jpg 1900w\" sizes=\"(max-width: 800px) 100vw, 800px\" \/>\t\t\t\t\t\t\t\t\t\t\t\t\t\t\t<\/div>\n\t\t\t\t<\/div>\n\t\t\t\t\t<\/div>\n\t\t<\/div>\n\t\t\t\t\t<\/div>\n\t\t<\/section>\n\t\t\t\t<section class=\"elementor-section elementor-top-section elementor-element elementor-element-823c4fd elementor-section-boxed elementor-section-height-default elementor-section-height-default\" data-id=\"823c4fd\" data-element_type=\"section\" data-e-type=\"section\" id=\"6\" data-settings=\"{&quot;_ha_eqh_enable&quot;:false}\">\n\t\t\t\t\t\t<div class=\"elementor-container elementor-column-gap-default\">\n\t\t\t\t\t<div class=\"elementor-column elementor-col-100 elementor-top-column elementor-element elementor-element-7c33871\" data-id=\"7c33871\" data-element_type=\"column\" data-e-type=\"column\">\n\t\t\t<div class=\"elementor-widget-wrap elementor-element-populated\">\n\t\t\t\t\t\t<div class=\"elementor-element elementor-element-7539ff3 elementor-widget elementor-widget-heading\" data-id=\"7539ff3\" data-element_type=\"widget\" data-e-type=\"widget\" data-widget_type=\"heading.default\">\n\t\t\t\t<div class=\"elementor-widget-container\">\n\t\t\t\t\t<h2 class=\"elementor-heading-title elementor-size-default\">FAQ - Tagungen\n<\/h2>\t\t\t\t<\/div>\n\t\t\t\t<\/div>\n\t\t\t\t<div class=\"elementor-element elementor-element-2acf584 elementor-widget elementor-widget-accordion\" data-id=\"2acf584\" data-element_type=\"widget\" data-e-type=\"widget\" data-widget_type=\"accordion.default\">\n\t\t\t\t<div class=\"elementor-widget-container\">\n\t\t\t\t\t\t\t<div class=\"elementor-accordion\">\n\t\t\t\t\t\t\t<div class=\"elementor-accordion-item\">\n\t\t\t\t\t<div id=\"elementor-tab-title-4481\" class=\"elementor-tab-title\" data-tab=\"1\" role=\"button\" aria-controls=\"elementor-tab-content-4481\" aria-expanded=\"false\">\n\t\t\t\t\t\t\t\t\t\t\t\t\t<span class=\"elementor-accordion-icon elementor-accordion-icon-left\" aria-hidden=\"true\">\n\t\t\t\t\t\t\t\t\t\t\t\t\t\t\t<span class=\"elementor-accordion-icon-closed\"><i class=\"fas fa-plus\"><\/i><\/span>\n\t\t\t\t\t\t\t\t<span class=\"elementor-accordion-icon-opened\"><i class=\"fas fa-minus\"><\/i><\/span>\n\t\t\t\t\t\t\t\t\t\t\t\t\t\t<\/span>\n\t\t\t\t\t\t\t\t\t\t\t\t<a class=\"elementor-accordion-title\" tabindex=\"0\">Wie viele Personen fasst der F\u00fcrst von Metternich Saal? <\/a>\n\t\t\t\t\t<\/div>\n\t\t\t\t\t<div id=\"elementor-tab-content-4481\" class=\"elementor-tab-content elementor-clearfix\" data-tab=\"1\" role=\"region\" aria-labelledby=\"elementor-tab-title-4481\"><p>Der Saal bietet Platz f\u00fcr bis zu 350 Personen. Je nach Bestuhlungsformat variiert die <strong>optimale Kapazit\u00e4t<\/strong> \u2013 wir beraten Sie gerne individuell.<\/p><\/div>\n\t\t\t\t<\/div>\n\t\t\t\t\t\t\t<div class=\"elementor-accordion-item\">\n\t\t\t\t\t<div id=\"elementor-tab-title-4482\" class=\"elementor-tab-title\" data-tab=\"2\" role=\"button\" aria-controls=\"elementor-tab-content-4482\" aria-expanded=\"false\">\n\t\t\t\t\t\t\t\t\t\t\t\t\t<span class=\"elementor-accordion-icon elementor-accordion-icon-left\" aria-hidden=\"true\">\n\t\t\t\t\t\t\t\t\t\t\t\t\t\t\t<span class=\"elementor-accordion-icon-closed\"><i class=\"fas fa-plus\"><\/i><\/span>\n\t\t\t\t\t\t\t\t<span class=\"elementor-accordion-icon-opened\"><i class=\"fas fa-minus\"><\/i><\/span>\n\t\t\t\t\t\t\t\t\t\t\t\t\t\t<\/span>\n\t\t\t\t\t\t\t\t\t\t\t\t<a class=\"elementor-accordion-title\" tabindex=\"0\">Ist Tagungstechnik im Mietpreis enthalten? <\/a>\n\t\t\t\t\t<\/div>\n\t\t\t\t\t<div id=\"elementor-tab-content-4482\" class=\"elementor-tab-content elementor-clearfix\" data-tab=\"2\" role=\"region\" aria-labelledby=\"elementor-tab-title-4482\"><p>Die technische Grundausstattung ist <strong>Teil unseres Angebots<\/strong>. F\u00fcr spezifische Anforderungen stimmen wir uns vorab mit Ihnen ab.<\/p><\/div>\n\t\t\t\t<\/div>\n\t\t\t\t\t\t\t<div class=\"elementor-accordion-item\">\n\t\t\t\t\t<div id=\"elementor-tab-title-4483\" class=\"elementor-tab-title\" data-tab=\"3\" role=\"button\" aria-controls=\"elementor-tab-content-4483\" aria-expanded=\"false\">\n\t\t\t\t\t\t\t\t\t\t\t\t\t<span class=\"elementor-accordion-icon elementor-accordion-icon-left\" aria-hidden=\"true\">\n\t\t\t\t\t\t\t\t\t\t\t\t\t\t\t<span class=\"elementor-accordion-icon-closed\"><i class=\"fas fa-plus\"><\/i><\/span>\n\t\t\t\t\t\t\t\t<span class=\"elementor-accordion-icon-opened\"><i class=\"fas fa-minus\"><\/i><\/span>\n\t\t\t\t\t\t\t\t\t\t\t\t\t\t<\/span>\n\t\t\t\t\t\t\t\t\t\t\t\t<a class=\"elementor-accordion-title\" tabindex=\"0\">Kann das Catering individuell gestaltet werden? <\/a>\n\t\t\t\t\t<\/div>\n\t\t\t\t\t<div id=\"elementor-tab-content-4483\" class=\"elementor-tab-content elementor-clearfix\" data-tab=\"3\" role=\"region\" aria-labelledby=\"elementor-tab-title-4483\"><p>Ja. Von der klassischen Tagungspauschale bis zum <strong>ma\u00dfgeschneiderten Men\u00fc<\/strong> mit Rheingauer Weinen \u2013 wir entwickeln gemeinsam mit Ihnen ein kulinarisches Konzept f\u00fcr Ihre Veranstaltung.<\/p><\/div>\n\t\t\t\t<\/div>\n\t\t\t\t\t\t\t<div class=\"elementor-accordion-item\">\n\t\t\t\t\t<div id=\"elementor-tab-title-4484\" class=\"elementor-tab-title\" data-tab=\"4\" role=\"button\" aria-controls=\"elementor-tab-content-4484\" aria-expanded=\"false\">\n\t\t\t\t\t\t\t\t\t\t\t\t\t<span class=\"elementor-accordion-icon elementor-accordion-icon-left\" aria-hidden=\"true\">\n\t\t\t\t\t\t\t\t\t\t\t\t\t\t\t<span class=\"elementor-accordion-icon-closed\"><i class=\"fas fa-plus\"><\/i><\/span>\n\t\t\t\t\t\t\t\t<span class=\"elementor-accordion-icon-opened\"><i class=\"fas fa-minus\"><\/i><\/span>\n\t\t\t\t\t\t\t\t\t\t\t\t\t\t<\/span>\n\t\t\t\t\t\t\t\t\t\t\t\t<a class=\"elementor-accordion-title\" tabindex=\"0\">Wie fr\u00fch sollte man anfragen? <\/a>\n\t\t\t\t\t<\/div>\n\t\t\t\t\t<div id=\"elementor-tab-content-4484\" class=\"elementor-tab-content elementor-clearfix\" data-tab=\"4\" role=\"region\" aria-labelledby=\"elementor-tab-title-4484\"><p>F\u00fcr gr\u00f6\u00dfere Veranstaltungen empfehlen wir eine Anfrage drei bis sechs Monate im Voraus. <strong>Kontaktieren Sie uns<\/strong> unter <a href=\"mailto:anna.sand@favorite-schlossgastronomie.de\">anna.sand@favorite-schlossgastronomie.de<\/a>.<\/p><\/div>\n\t\t\t\t<\/div>\n\t\t\t\t\t\t\t\t\t\t<script type=\"application\/ld+json\">{\"@context\":\"https:\\\/\\\/schema.org\",\"@type\":\"FAQPage\",\"mainEntity\":[{\"@type\":\"Question\",\"name\":\"Wie viele Personen fasst der F\\u00fcrst von Metternich Saal?\",\"acceptedAnswer\":{\"@type\":\"Answer\",\"text\":\"<p>Der Saal bietet Platz f\\u00fcr bis zu 350 Personen. Je nach Bestuhlungsformat variiert die <strong>optimale Kapazit\\u00e4t<\\\/strong> \\u2013 wir beraten Sie gerne individuell.<\\\/p>\"}},{\"@type\":\"Question\",\"name\":\"Ist Tagungstechnik im Mietpreis enthalten?\",\"acceptedAnswer\":{\"@type\":\"Answer\",\"text\":\"<p>Die technische Grundausstattung ist <strong>Teil unseres Angebots<\\\/strong>. F\\u00fcr spezifische Anforderungen stimmen wir uns vorab mit Ihnen ab.<\\\/p>\"}},{\"@type\":\"Question\",\"name\":\"Kann das Catering individuell gestaltet werden?\",\"acceptedAnswer\":{\"@type\":\"Answer\",\"text\":\"<p>Ja. Von der klassischen Tagungspauschale bis zum <strong>ma\\u00dfgeschneiderten Men\\u00fc<\\\/strong> mit Rheingauer Weinen \\u2013 wir entwickeln gemeinsam mit Ihnen ein kulinarisches Konzept f\\u00fcr Ihre Veranstaltung.<\\\/p>\"}},{\"@type\":\"Question\",\"name\":\"Wie fr\\u00fch sollte man anfragen?\",\"acceptedAnswer\":{\"@type\":\"Answer\",\"text\":\"<p>F\\u00fcr gr\\u00f6\\u00dfere Veranstaltungen empfehlen wir eine Anfrage drei bis sechs Monate im Voraus. <strong>Kontaktieren Sie uns<\\\/strong> unter <a href=\\\"mailto:anna.sand@favorite-schlossgastronomie.de\\\">anna.sand@favorite-schlossgastronomie.de<\\\/a>.<\\\/p>\"}}]}<\/script>\n\t\t\t\t\t<\/div>\n\t\t\t\t\t\t<\/div>\n\t\t\t\t<\/div>\n\t\t\t\t\t<\/div>\n\t\t<\/div>\n\t\t\t\t\t<\/div>\n\t\t<\/section>\n\t\t\t\t<section class=\"elementor-section elementor-top-section elementor-element elementor-element-17f4b4b elementor-section-boxed elementor-section-height-default elementor-section-height-default\" data-id=\"17f4b4b\" data-element_type=\"section\" data-e-type=\"section\" data-settings=\"{&quot;_ha_eqh_enable&quot;:false}\">\n\t\t\t\t\t\t<div class=\"elementor-container elementor-column-gap-default\">\n\t\t\t\t\t<div class=\"elementor-column elementor-col-100 elementor-top-column elementor-element elementor-element-a91571f\" data-id=\"a91571f\" data-element_type=\"column\" data-e-type=\"column\">\n\t\t\t<div class=\"elementor-widget-wrap elementor-element-populated\">\n\t\t\t\t\t\t<div class=\"elementor-element elementor-element-09264bc elementor-widget elementor-widget-heading\" data-id=\"09264bc\" data-element_type=\"widget\" data-e-type=\"widget\" id=\"7\" data-widget_type=\"heading.default\">\n\t\t\t\t<div class=\"elementor-widget-container\">\n\t\t\t\t\t<h2 class=\"elementor-heading-title elementor-size-default\">Fazit\n<\/h2>\t\t\t\t<\/div>\n\t\t\t\t<\/div>\n\t\t\t\t<div class=\"elementor-element elementor-element-7bb2add elementor-widget elementor-widget-text-editor\" data-id=\"7bb2add\" data-element_type=\"widget\" data-e-type=\"widget\" data-widget_type=\"text-editor.default\">\n\t\t\t\t<div class=\"elementor-widget-container\">\n\t\t\t\t\t\t\t\t\t<p>F\u00fcr <a href=\"\/favorite-schloss-gastronomie\/veranstaltungen\">Tagungen im Rheingau<\/a> einen Raum zu mieten bedeutet mit dem F\u00fcrst von Metternich Saal: professionelle Infrastruktur, historisches Ambiente und eine kulinarische Begleitung, die \u00fcber das \u00dcbliche hinausgeht. Familie Barth und das Team der Favorite Schlossgastronomie sorgen daf\u00fcr, dass Ihre Veranstaltung nicht nur funktioniert \u2013 sondern <strong>in Erinnerung bleibt<\/strong>.<\/p>\t\t\t\t\t\t\t\t<\/div>\n\t\t\t\t<\/div>\n\t\t\t\t\t<\/div>\n\t\t<\/div>\n\t\t\t\t\t<\/div>\n\t\t<\/section>\n\t\t\t\t<\/div>\n\t\t","protected":false},"excerpt":{"rendered":"<p>Tagungsraum mieten im Rheingau: der F\u00fcrst von Metternich Saal auf Schloss Johannisberg Wer einen Tagungsraum im Rheingau sucht, findet auf Schloss Johannisberg eine Location, die mehr bietet als vier W\u00e4nde und einen Beamer. Der F\u00fcrst von Metternich Saal verbindet historisches Ambiente mit moderner Tagungsinfrastruktur \u2013 und mit einem Ausblick \u00fcber die Weinberge, der Konferenzen zu [&hellip;]<\/p>\n","protected":false},"author":4,"featured_media":28673,"comment_status":"closed","ping_status":"closed","sticky":false,"template":"","format":"standard","meta":{"footnotes":""},"categories":[1],"tags":[],"class_list":["post-31847","post","type-post","status-publish","format-standard","has-post-thumbnail","hentry","category-allgemein"],"_links":{"self":[{"href":"https:\/\/www.favorite-mainz.de\/en\/wp-json\/wp\/v2\/posts\/31847","targetHints":{"allow":["GET"]}}],"collection":[{"href":"https:\/\/www.favorite-mainz.de\/en\/wp-json\/wp\/v2\/posts"}],"about":[{"href":"https:\/\/www.favorite-mainz.de\/en\/wp-json\/wp\/v2\/types\/post"}],"author":[{"embeddable":true,"href":"https:\/\/www.favorite-mainz.de\/en\/wp-json\/wp\/v2\/users\/4"}],"replies":[{"embeddable":true,"href":"https:\/\/www.favorite-mainz.de\/en\/wp-json\/wp\/v2\/comments?post=31847"}],"version-history":[{"count":25,"href":"https:\/\/www.favorite-mainz.de\/en\/wp-json\/wp\/v2\/posts\/31847\/revisions"}],"predecessor-version":[{"id":31872,"href":"https:\/\/www.favorite-mainz.de\/en\/wp-json\/wp\/v2\/posts\/31847\/revisions\/31872"}],"wp:featuredmedia":[{"embeddable":true,"href":"https:\/\/www.favorite-mainz.de\/en\/wp-json\/wp\/v2\/media\/28673"}],"wp:attachment":[{"href":"https:\/\/www.favorite-mainz.de\/en\/wp-json\/wp\/v2\/media?parent=31847"}],"wp:term":[{"taxonomy":"category","embeddable":true,"href":"https:\/\/www.favorite-mainz.de\/en\/wp-json\/wp\/v2\/categories?post=31847"},{"taxonomy":"post_tag","embeddable":true,"href":"https:\/\/www.favorite-mainz.de\/en\/wp-json\/wp\/v2\/tags?post=31847"}],"curies":[{"name":"wp","href":"https:\/\/api.w.org\/{rel}","templated":true}]}}