{"id":26665,"date":"2024-12-03T09:38:55","date_gmt":"2024-12-03T08:38:55","guid":{"rendered":"https:\/\/www.favorite-mainz.de\/?p=26665"},"modified":"2024-12-03T09:42:33","modified_gmt":"2024-12-03T08:42:33","slug":"tages-meetings-im-favorite-parkhotel-in-mainz","status":"publish","type":"post","link":"https:\/\/www.favorite-mainz.de\/en\/tages-meetings-im-favorite-parkhotel-in-mainz\/","title":{"rendered":"Tages-Meetings im FAVORITE Parkhotel in Mainz"},"content":{"rendered":"<div data-elementor-type=\"wp-post\" data-elementor-id=\"26665\" class=\"elementor elementor-26665\" data-elementor-settings=\"{&quot;ha_cmc_init_switcher&quot;:&quot;no&quot;}\" data-elementor-post-type=\"post\">\n\t\t\t\t\t\t<section class=\"elementor-section elementor-top-section elementor-element elementor-element-68c600c elementor-section-boxed elementor-section-height-default elementor-section-height-default\" data-id=\"68c600c\" data-element_type=\"section\" data-e-type=\"section\" data-settings=\"{&quot;_ha_eqh_enable&quot;:false}\">\n\t\t\t\t\t\t<div class=\"elementor-container elementor-column-gap-default\">\n\t\t\t\t\t<div class=\"elementor-column elementor-col-100 elementor-top-column elementor-element elementor-element-3093ef5\" data-id=\"3093ef5\" data-element_type=\"column\" data-e-type=\"column\">\n\t\t\t<div class=\"elementor-widget-wrap elementor-element-populated\">\n\t\t\t\t\t\t<div class=\"elementor-element elementor-element-21f8de2 elementor-widget elementor-widget-heading\" data-id=\"21f8de2\" data-element_type=\"widget\" data-e-type=\"widget\" data-widget_type=\"heading.default\">\n\t\t\t\t<div class=\"elementor-widget-container\">\n\t\t\t\t\t<h1 class=\"elementor-heading-title elementor-size-default\">Tages-Meetings im FAVORITE Parkhotel in Mainz<\/h1>\t\t\t\t<\/div>\n\t\t\t\t<\/div>\n\t\t\t\t\t<\/div>\n\t\t<\/div>\n\t\t\t\t\t<\/div>\n\t\t<\/section>\n\t\t\t\t<section class=\"elementor-section elementor-top-section elementor-element elementor-element-ff870c8 elementor-section-boxed elementor-section-height-default elementor-section-height-default\" data-id=\"ff870c8\" data-element_type=\"section\" data-e-type=\"section\" data-settings=\"{&quot;_ha_eqh_enable&quot;:false}\">\n\t\t\t\t\t\t<div class=\"elementor-container elementor-column-gap-default\">\n\t\t\t\t\t<div class=\"elementor-column elementor-col-100 elementor-top-column elementor-element elementor-element-6eb3e14\" data-id=\"6eb3e14\" data-element_type=\"column\" data-e-type=\"column\">\n\t\t\t<div class=\"elementor-widget-wrap elementor-element-populated\">\n\t\t\t\t\t\t<div class=\"elementor-element elementor-element-c02084a elementor-widget elementor-widget-text-editor\" data-id=\"c02084a\" data-element_type=\"widget\" data-e-type=\"widget\" data-widget_type=\"text-editor.default\">\n\t\t\t\t<div class=\"elementor-widget-container\">\n\t\t\t\t\t\t\t\t\t<p>Auf der Suche nach einem modernen Tagungshotel im Rhein-Main-Gebiet sind Sie beim FAVORITE Parkhotel in Mainz genau richtig. Wir sind nicht nur gut aus Frankfurt, Wiesbaden und anderen wichtigen St\u00e4dten der Region erreichbar. Bei uns finden Sie auch vielseitige R\u00e4umlichkeiten, die wir ganz an Ihre Bed\u00fcrfnisse und W\u00fcnsche anpassen \u2013 nat\u00fcrlich auch mit dem entsprechenden Service. In diesem Artikel erfahren Sie, warum wir Ihr perfektes <a href=\"https:\/\/www.favorite-mainz.de\/en\/events-meetings\/meetings-tagungen\/\">conference hotel in Mainz<\/a> sind.<\/p>\t\t\t\t\t\t\t\t<\/div>\n\t\t\t\t<\/div>\n\t\t\t\t<div class=\"elementor-element elementor-element-bb2a7a2 elementor-widget elementor-widget-spacer\" data-id=\"bb2a7a2\" data-element_type=\"widget\" data-e-type=\"widget\" data-widget_type=\"spacer.default\">\n\t\t\t\t<div class=\"elementor-widget-container\">\n\t\t\t\t\t\t\t<div class=\"elementor-spacer\">\n\t\t\t<div class=\"elementor-spacer-inner\"><\/div>\n\t\t<\/div>\n\t\t\t\t\t\t<\/div>\n\t\t\t\t<\/div>\n\t\t\t\t\t<\/div>\n\t\t<\/div>\n\t\t\t\t\t<\/div>\n\t\t<\/section>\n\t\t\t\t<section class=\"elementor-section elementor-top-section elementor-element elementor-element-93b5e48 elementor-section-boxed elementor-section-height-default elementor-section-height-default\" data-id=\"93b5e48\" data-element_type=\"section\" data-e-type=\"section\" data-settings=\"{&quot;_ha_eqh_enable&quot;:false}\">\n\t\t\t\t\t\t<div class=\"elementor-container elementor-column-gap-default\">\n\t\t\t\t\t<div class=\"elementor-column elementor-col-100 elementor-top-column elementor-element elementor-element-8f50cea\" data-id=\"8f50cea\" data-element_type=\"column\" data-e-type=\"column\">\n\t\t\t<div class=\"elementor-widget-wrap elementor-element-populated\">\n\t\t\t\t\t\t<div class=\"elementor-element elementor-element-e7be80f elementor-widget elementor-widget-heading\" data-id=\"e7be80f\" data-element_type=\"widget\" data-e-type=\"widget\" data-widget_type=\"heading.default\">\n\t\t\t\t<div class=\"elementor-widget-container\">\n\t\t\t\t\t<h2 class=\"elementor-heading-title elementor-size-default\">Inhaltsverzeichnis\n<\/h2>\t\t\t\t<\/div>\n\t\t\t\t<\/div>\n\t\t\t\t\t<\/div>\n\t\t<\/div>\n\t\t\t\t\t<\/div>\n\t\t<\/section>\n\t\t\t\t<section class=\"elementor-section elementor-top-section elementor-element elementor-element-7241cc6 elementor-section-boxed elementor-section-height-default elementor-section-height-default\" data-id=\"7241cc6\" data-element_type=\"section\" data-e-type=\"section\" data-settings=\"{&quot;_ha_eqh_enable&quot;:false}\">\n\t\t\t\t\t\t<div class=\"elementor-container elementor-column-gap-default\">\n\t\t\t\t\t<div class=\"elementor-column elementor-col-100 elementor-top-column elementor-element elementor-element-a9433e7\" data-id=\"a9433e7\" data-element_type=\"column\" data-e-type=\"column\">\n\t\t\t<div class=\"elementor-widget-wrap elementor-element-populated\">\n\t\t\t\t\t\t<div class=\"elementor-element elementor-element-0e395ac elementor-widget elementor-widget-text-editor\" data-id=\"0e395ac\" data-element_type=\"widget\" data-e-type=\"widget\" data-widget_type=\"text-editor.default\">\n\t\t\t\t<div class=\"elementor-widget-container\">\n\t\t\t\t\t\t\t\t\t<ol><li>Das Wichtigste in K\u00fcrze<\/li><li><span style=\"font-weight: 400\">Tagungs- und Seminarr\u00e4ume ganz nach Ihren W\u00fcnschen<\/span><\/li><li style=\"font-weight: 400\"><span style=\"font-weight: 400\">Moderne Technik f\u00fcr gelungene Veranstaltungen<\/span><\/li><li><span style=\"font-weight: 400\">Gehobenes Catering f\u00fcr Feinschmecker<\/span><\/li><li><span style=\"font-weight: 400\">Jetzt Ihr Tages-Meeting im FAVORITE Parkhotel in Mainz planen<\/span><\/li><\/ol>\t\t\t\t\t\t\t\t<\/div>\n\t\t\t\t<\/div>\n\t\t\t\t\t<\/div>\n\t\t<\/div>\n\t\t\t\t\t<\/div>\n\t\t<\/section>\n\t\t\t\t<section class=\"elementor-section elementor-top-section elementor-element elementor-element-fdd589e elementor-section-boxed elementor-section-height-default elementor-section-height-default\" data-id=\"fdd589e\" data-element_type=\"section\" data-e-type=\"section\" data-settings=\"{&quot;_ha_eqh_enable&quot;:false}\">\n\t\t\t\t\t\t<div class=\"elementor-container elementor-column-gap-default\">\n\t\t\t\t\t<div class=\"elementor-column elementor-col-100 elementor-top-column elementor-element elementor-element-48535d7\" data-id=\"48535d7\" data-element_type=\"column\" data-e-type=\"column\">\n\t\t\t<div class=\"elementor-widget-wrap elementor-element-populated\">\n\t\t\t\t\t\t<div class=\"elementor-element elementor-element-29b7ae1 elementor-widget elementor-widget-spacer\" data-id=\"29b7ae1\" data-element_type=\"widget\" data-e-type=\"widget\" data-widget_type=\"spacer.default\">\n\t\t\t\t<div class=\"elementor-widget-container\">\n\t\t\t\t\t\t\t<div class=\"elementor-spacer\">\n\t\t\t<div class=\"elementor-spacer-inner\"><\/div>\n\t\t<\/div>\n\t\t\t\t\t\t<\/div>\n\t\t\t\t<\/div>\n\t\t\t\t\t<\/div>\n\t\t<\/div>\n\t\t\t\t\t<\/div>\n\t\t<\/section>\n\t\t\t\t<section class=\"elementor-section elementor-top-section elementor-element elementor-element-d457094 elementor-section-boxed elementor-section-height-default elementor-section-height-default\" data-id=\"d457094\" data-element_type=\"section\" data-e-type=\"section\" data-settings=\"{&quot;_ha_eqh_enable&quot;:false}\">\n\t\t\t\t\t\t<div class=\"elementor-container elementor-column-gap-default\">\n\t\t\t\t\t<div class=\"elementor-column elementor-col-100 elementor-top-column elementor-element elementor-element-9b588b0\" data-id=\"9b588b0\" data-element_type=\"column\" data-e-type=\"column\">\n\t\t\t<div class=\"elementor-widget-wrap elementor-element-populated\">\n\t\t\t\t\t\t<div class=\"elementor-element elementor-element-e0a6b3b elementor-widget elementor-widget-heading\" data-id=\"e0a6b3b\" data-element_type=\"widget\" data-e-type=\"widget\" data-widget_type=\"heading.default\">\n\t\t\t\t<div class=\"elementor-widget-container\">\n\t\t\t\t\t<h2 class=\"elementor-heading-title elementor-size-default\">Das Wichtigste in K\u00fcrze\n<\/h2>\t\t\t\t<\/div>\n\t\t\t\t<\/div>\n\t\t\t\t\t<\/div>\n\t\t<\/div>\n\t\t\t\t\t<\/div>\n\t\t<\/section>\n\t\t\t\t<section class=\"elementor-section elementor-top-section elementor-element elementor-element-44b8ec5 elementor-section-boxed elementor-section-height-default elementor-section-height-default\" data-id=\"44b8ec5\" data-element_type=\"section\" data-e-type=\"section\" data-settings=\"{&quot;_ha_eqh_enable&quot;:false}\">\n\t\t\t\t\t\t<div class=\"elementor-container elementor-column-gap-default\">\n\t\t\t\t\t<div class=\"elementor-column elementor-col-50 elementor-top-column elementor-element elementor-element-4c32edd\" data-id=\"4c32edd\" data-element_type=\"column\" data-e-type=\"column\">\n\t\t\t<div class=\"elementor-widget-wrap elementor-element-populated\">\n\t\t\t\t\t\t<div class=\"elementor-element elementor-element-b6558d2 elementor-widget elementor-widget-text-editor\" data-id=\"b6558d2\" data-element_type=\"widget\" data-e-type=\"widget\" data-widget_type=\"text-editor.default\">\n\t\t\t\t<div class=\"elementor-widget-container\">\n\t\t\t\t\t\t\t\t\t<ul><li><span style=\"font-weight: 400\">Dank anpassbarer Raumgr\u00f6\u00dfen finden Sie im FAVORITE Parkhotel passende R\u00e4umlichkeiten f\u00fcr alle Arten von Tagesveranstaltungen.<\/span><\/li><li style=\"font-weight: 400\"><span style=\"font-weight: 400\">Von Seminaren und Schulungen \u00fcber klassische Gesch\u00e4ftstreffen bis hin zu Unternehmensfeiern sind wir Ihr Ansprechpartner f\u00fcr Tages-Meetings im Rhein-Main-Gebiet.<\/span><\/li><li><span style=\"font-weight: 400\">Nat\u00fcrlich bieten wir Ihnen auch verschiedene Catering-Optionen von Fingerfood bis Fine Dining.<\/span><\/li><\/ul>\t\t\t\t\t\t\t\t<\/div>\n\t\t\t\t<\/div>\n\t\t\t\t\t<\/div>\n\t\t<\/div>\n\t\t\t\t<div class=\"elementor-column elementor-col-50 elementor-top-column elementor-element elementor-element-2229a52\" data-id=\"2229a52\" data-element_type=\"column\" data-e-type=\"column\">\n\t\t\t<div class=\"elementor-widget-wrap elementor-element-populated\">\n\t\t\t\t\t\t<div class=\"elementor-element elementor-element-bb4ff60 elementor-widget elementor-widget-image\" data-id=\"bb4ff60\" data-element_type=\"widget\" data-e-type=\"widget\" data-widget_type=\"image.default\">\n\t\t\t\t<div class=\"elementor-widget-container\">\n\t\t\t\t\t\t\t\t\t\t\t\t\t\t\t<img fetchpriority=\"high\" decoding=\"async\" width=\"768\" height=\"385\" src=\"https:\/\/www.favorite-mainz.de\/wp-content\/uploads\/2021\/02\/Gruener-Salon-768x385.png\" class=\"attachment-medium_large size-medium_large wp-image-4234\" alt=\"\" srcset=\"https:\/\/www.favorite-mainz.de\/wp-content\/uploads\/2021\/02\/Gruener-Salon-768x385.png 768w, https:\/\/www.favorite-mainz.de\/wp-content\/uploads\/2021\/02\/Gruener-Salon-300x150.png 300w, https:\/\/www.favorite-mainz.de\/wp-content\/uploads\/2021\/02\/Gruener-Salon-1024x513.png 1024w, https:\/\/www.favorite-mainz.de\/wp-content\/uploads\/2021\/02\/Gruener-Salon.png 1054w\" sizes=\"(max-width: 768px) 100vw, 768px\" \/>\t\t\t\t\t\t\t\t\t\t\t\t\t\t\t<\/div>\n\t\t\t\t<\/div>\n\t\t\t\t\t<\/div>\n\t\t<\/div>\n\t\t\t\t\t<\/div>\n\t\t<\/section>\n\t\t\t\t<section class=\"elementor-section elementor-top-section elementor-element elementor-element-3979bf6 elementor-section-boxed elementor-section-height-default elementor-section-height-default\" data-id=\"3979bf6\" data-element_type=\"section\" data-e-type=\"section\" data-settings=\"{&quot;_ha_eqh_enable&quot;:false}\">\n\t\t\t\t\t\t<div class=\"elementor-container elementor-column-gap-default\">\n\t\t\t\t\t<div class=\"elementor-column elementor-col-100 elementor-top-column elementor-element elementor-element-1e94e44\" data-id=\"1e94e44\" data-element_type=\"column\" data-e-type=\"column\">\n\t\t\t<div class=\"elementor-widget-wrap elementor-element-populated\">\n\t\t\t\t\t\t<div class=\"elementor-element elementor-element-a066fa1 elementor-widget elementor-widget-spacer\" data-id=\"a066fa1\" data-element_type=\"widget\" data-e-type=\"widget\" data-widget_type=\"spacer.default\">\n\t\t\t\t<div class=\"elementor-widget-container\">\n\t\t\t\t\t\t\t<div class=\"elementor-spacer\">\n\t\t\t<div class=\"elementor-spacer-inner\"><\/div>\n\t\t<\/div>\n\t\t\t\t\t\t<\/div>\n\t\t\t\t<\/div>\n\t\t\t\t\t<\/div>\n\t\t<\/div>\n\t\t\t\t\t<\/div>\n\t\t<\/section>\n\t\t\t\t<section class=\"elementor-section elementor-top-section elementor-element elementor-element-d27d74b elementor-section-boxed elementor-section-height-default elementor-section-height-default\" data-id=\"d27d74b\" data-element_type=\"section\" data-e-type=\"section\" data-settings=\"{&quot;_ha_eqh_enable&quot;:false}\">\n\t\t\t\t\t\t<div class=\"elementor-container elementor-column-gap-default\">\n\t\t\t\t\t<div class=\"elementor-column elementor-col-100 elementor-top-column elementor-element elementor-element-9973fe9\" data-id=\"9973fe9\" data-element_type=\"column\" data-e-type=\"column\">\n\t\t\t<div class=\"elementor-widget-wrap elementor-element-populated\">\n\t\t\t\t\t\t<div class=\"elementor-element elementor-element-1cdc021 elementor-widget elementor-widget-heading\" data-id=\"1cdc021\" data-element_type=\"widget\" data-e-type=\"widget\" data-widget_type=\"heading.default\">\n\t\t\t\t<div class=\"elementor-widget-container\">\n\t\t\t\t\t<h2 class=\"elementor-heading-title elementor-size-default\">Tagungs- und Seminarr\u00e4ume ganz nach Ihren W\u00fcnschen\n<\/h2>\t\t\t\t<\/div>\n\t\t\t\t<\/div>\n\t\t\t\t\t<\/div>\n\t\t<\/div>\n\t\t\t\t\t<\/div>\n\t\t<\/section>\n\t\t\t\t<section class=\"elementor-section elementor-top-section elementor-element elementor-element-003c183 elementor-section-boxed elementor-section-height-default elementor-section-height-default\" data-id=\"003c183\" data-element_type=\"section\" data-e-type=\"section\" data-settings=\"{&quot;_ha_eqh_enable&quot;:false}\">\n\t\t\t\t\t\t<div class=\"elementor-container elementor-column-gap-default\">\n\t\t\t\t\t<div class=\"elementor-column elementor-col-100 elementor-top-column elementor-element elementor-element-adebd61\" data-id=\"adebd61\" data-element_type=\"column\" data-e-type=\"column\">\n\t\t\t<div class=\"elementor-widget-wrap elementor-element-populated\">\n\t\t\t\t\t\t<div class=\"elementor-element elementor-element-cd80f19 elementor-widget elementor-widget-text-editor\" data-id=\"cd80f19\" data-element_type=\"widget\" data-e-type=\"widget\" data-widget_type=\"text-editor.default\">\n\t\t\t\t<div class=\"elementor-widget-container\">\n\t\t\t\t\t\t\t\t\t<p>Unsere insgesamt 1.300 m\u00b2 Tagungsfl\u00e4che im FAVORITE Parkhotel l\u00e4sst sich individuell gestalten und unterteilen: Wir bieten Ihnen in bis zu 15 einzelnen R\u00e4umen mit einer Gr\u00f6\u00dfe zwischen 40 und 500 m\u00b2 die ideale Kulisse f\u00fcr Ihre Tagesveranstaltungen mit 5 bis 400 Personen.<\/p><p>Unsere einzelnen R\u00e4ume sind ideal f\u00fcr Schulungen und Besprechungen mit 15 bis 20 Teilnehmenden oder einen Vortrag f\u00fcr eine Abteilung mit bis zu 30 Personen. Durch das Entfernen der Trennw\u00e4nde lassen sich allerdings auch Gro\u00dfveranstaltungen mit einer Bestuhlung f\u00fcr bis zu 450 Personen realisieren.<\/p><p>Gleichzeitig stellen wir Ihnen f\u00fcr die Dauer Ihrer Raummiete bei Bedarf auch unsere multimedialen Creative Areas mit Platz f\u00fcr drei bis acht Personen zur Verf\u00fcgung. So lassen sich auch Seminare und Schulungen mit Gruppenphasen bei uns realisieren.<\/p>\t\t\t\t\t\t\t\t<\/div>\n\t\t\t\t<\/div>\n\t\t\t\t\t<\/div>\n\t\t<\/div>\n\t\t\t\t\t<\/div>\n\t\t<\/section>\n\t\t\t\t<section class=\"elementor-section elementor-top-section elementor-element elementor-element-2fcdb7e elementor-section-boxed elementor-section-height-default elementor-section-height-default\" data-id=\"2fcdb7e\" data-element_type=\"section\" data-e-type=\"section\" data-settings=\"{&quot;_ha_eqh_enable&quot;:false}\">\n\t\t\t\t\t\t<div class=\"elementor-container elementor-column-gap-default\">\n\t\t\t\t\t<div class=\"elementor-column elementor-col-100 elementor-top-column elementor-element elementor-element-8f1b3a1\" data-id=\"8f1b3a1\" data-element_type=\"column\" data-e-type=\"column\">\n\t\t\t<div class=\"elementor-widget-wrap elementor-element-populated\">\n\t\t\t\t\t\t<div class=\"elementor-element elementor-element-0ab68d5 elementor-widget elementor-widget-heading\" data-id=\"0ab68d5\" data-element_type=\"widget\" data-e-type=\"widget\" data-widget_type=\"heading.default\">\n\t\t\t\t<div class=\"elementor-widget-container\">\n\t\t\t\t\t<h2 class=\"elementor-heading-title elementor-size-default\">Moderne Technik f\u00fcr gelungene Veranstaltungen<\/h2>\t\t\t\t<\/div>\n\t\t\t\t<\/div>\n\t\t\t\t\t<\/div>\n\t\t<\/div>\n\t\t\t\t\t<\/div>\n\t\t<\/section>\n\t\t\t\t<section class=\"elementor-section elementor-top-section elementor-element elementor-element-ea7745a elementor-section-boxed elementor-section-height-default elementor-section-height-default\" data-id=\"ea7745a\" data-element_type=\"section\" data-e-type=\"section\" data-settings=\"{&quot;_ha_eqh_enable&quot;:false}\">\n\t\t\t\t\t\t<div class=\"elementor-container elementor-column-gap-default\">\n\t\t\t\t\t<div class=\"elementor-column elementor-col-100 elementor-top-column elementor-element elementor-element-34255fa\" data-id=\"34255fa\" data-element_type=\"column\" data-e-type=\"column\">\n\t\t\t<div class=\"elementor-widget-wrap elementor-element-populated\">\n\t\t\t\t\t\t<div class=\"elementor-element elementor-element-673ff86 elementor-widget elementor-widget-text-editor\" data-id=\"673ff86\" data-element_type=\"widget\" data-e-type=\"widget\" data-widget_type=\"text-editor.default\">\n\t\t\t\t<div class=\"elementor-widget-container\">\n\t\t\t\t\t\t\t\t\tSelbstverst\u00e4ndlich statten wir unsere Tagungsr\u00e4ume f\u00fcr Sie ganz nach Ihren Bed\u00fcrfnissen und den Erforderlichkeiten Ihrer Veranstaltung aus. Dazu geh\u00f6ren standardm\u00e4\u00dfig Zugang zu unserem kostenfreien W-LAN, Beamer mit Leinwand sowie ein Flipchart mit Moderatorenkoffer. Gegen Aufpreis ist au\u00dferdem folgende Sonderausstattung erh\u00e4ltlich:\n<ul>\n \t<li>TV &amp; Video<\/li>\n \t<li>Rednerpult mit oder ohne Mikrofon<\/li>\n \t<li>Laptops zur Arbeit vor Ort<\/li>\n \t<li>Videokamera zur Aufzeichnung Ihrer Veranstaltung<\/li>\n<\/ul><br>\nNat\u00fcrlich unterst\u00fctzen wir Sie im Rahmen Ihres Tages-Meetings bei uns auch gerne mit Veranstaltungsunterlagen und anderen Drucksachen. Kommen Sie im Vorfeld einfach auf uns zu!\t\t\t\t\t\t\t\t<\/div>\n\t\t\t\t<\/div>\n\t\t\t\t\t<\/div>\n\t\t<\/div>\n\t\t\t\t\t<\/div>\n\t\t<\/section>\n\t\t\t\t<section class=\"elementor-section elementor-top-section elementor-element elementor-element-a610dfb elementor-section-boxed elementor-section-height-default elementor-section-height-default\" data-id=\"a610dfb\" data-element_type=\"section\" data-e-type=\"section\" data-settings=\"{&quot;_ha_eqh_enable&quot;:false}\">\n\t\t\t\t\t\t<div class=\"elementor-container elementor-column-gap-default\">\n\t\t\t\t\t<div class=\"elementor-column elementor-col-100 elementor-top-column elementor-element elementor-element-2981053\" data-id=\"2981053\" data-element_type=\"column\" data-e-type=\"column\">\n\t\t\t<div class=\"elementor-widget-wrap elementor-element-populated\">\n\t\t\t\t\t\t<div class=\"elementor-element elementor-element-c5e6640 elementor-widget elementor-widget-heading\" data-id=\"c5e6640\" data-element_type=\"widget\" data-e-type=\"widget\" data-widget_type=\"heading.default\">\n\t\t\t\t<div class=\"elementor-widget-container\">\n\t\t\t\t\t<h2 class=\"elementor-heading-title elementor-size-default\">Gehobenes Catering f\u00fcr Feinschmecker\n<\/h2>\t\t\t\t<\/div>\n\t\t\t\t<\/div>\n\t\t\t\t<div class=\"elementor-element elementor-element-e67f725 elementor-widget elementor-widget-text-editor\" data-id=\"e67f725\" data-element_type=\"widget\" data-e-type=\"widget\" data-widget_type=\"text-editor.default\">\n\t\t\t\t<div class=\"elementor-widget-container\">\n\t\t\t\t\t\t\t\t\t<p>Zu einem gelungenen Tages-Meeting geh\u00f6rt nicht nur die richtige Arbeitsatmosph\u00e4re und -umgebung, sondern nat\u00fcrlich auch die passende Verpflegung. Wir unterst\u00fctzen Ihre gesch\u00e4ftlichen Meetings sowie Seminare oder Schulungen mit einer st\u00e4rkenden Kaffeepause inklusive herzhafter oder s\u00fc\u00dfer Snacks.<\/p><p>F\u00fcr l\u00e4ngere Tagesveranstaltungen organisieren wir gerne ein Lunchbuffet mit Vorspeise, verschiedenen Hauptgerichten und einer Dessert-Auswahl oder servieren Ihnen und Ihren G\u00e4sten ein 3-Gang-Men\u00fc im hauseigenen Restaurant. Bei einem langen Tagungsprogramm und einem straffen Zeitplan k\u00f6nnen Sie auch auf unser zeitsparendes Fingerfood-Buffet mit kleinen Snacks zur\u00fcckgreifen.<\/p>\t\t\t\t\t\t\t\t<\/div>\n\t\t\t\t<\/div>\n\t\t\t\t\t<\/div>\n\t\t<\/div>\n\t\t\t\t\t<\/div>\n\t\t<\/section>\n\t\t\t\t<section class=\"elementor-section elementor-top-section elementor-element elementor-element-24d6285 elementor-section-boxed elementor-section-height-default elementor-section-height-default\" data-id=\"24d6285\" data-element_type=\"section\" data-e-type=\"section\" data-settings=\"{&quot;_ha_eqh_enable&quot;:false}\">\n\t\t\t\t\t\t<div class=\"elementor-container elementor-column-gap-default\">\n\t\t\t\t\t<div class=\"elementor-column elementor-col-100 elementor-top-column elementor-element elementor-element-376e71b\" data-id=\"376e71b\" data-element_type=\"column\" data-e-type=\"column\">\n\t\t\t<div class=\"elementor-widget-wrap elementor-element-populated\">\n\t\t\t\t\t\t<div class=\"elementor-element elementor-element-ca26507 elementor-widget elementor-widget-heading\" data-id=\"ca26507\" data-element_type=\"widget\" data-e-type=\"widget\" data-widget_type=\"heading.default\">\n\t\t\t\t<div class=\"elementor-widget-container\">\n\t\t\t\t\t<h2 class=\"elementor-heading-title elementor-size-default\">Jetzt Ihr Tages-Meeting im FAVORITE Parkhotel in Mainz planen<\/h2>\t\t\t\t<\/div>\n\t\t\t\t<\/div>\n\t\t\t\t<div class=\"elementor-element elementor-element-cb72e04 elementor-widget elementor-widget-text-editor\" data-id=\"cb72e04\" data-element_type=\"widget\" data-e-type=\"widget\" data-widget_type=\"text-editor.default\">\n\t\t\t\t<div class=\"elementor-widget-container\">\n\t\t\t\t\t\t\t\t\t<p>Sie sind noch auf der Suche nach einem individuell anpassbaren Tagungsort f\u00fcr Ihre Meetings im Rhein-Main-Gebiet? Dann z\u00f6gern Sie nicht, sich noch heute an unser Tagungs-Team zu wenden. Wir beraten Sie gerne zu unseren vielf\u00e4ltigen R\u00e4umlichkeiten und erstellen Ihnen ein individuelles Angebot, das zu Ihnen und Ihrem Unternehmen passt.<\/p>\t\t\t\t\t\t\t\t<\/div>\n\t\t\t\t<\/div>\n\t\t\t\t\t<\/div>\n\t\t<\/div>\n\t\t\t\t\t<\/div>\n\t\t<\/section>\n\t\t\t\t<\/div>","protected":false},"excerpt":{"rendered":"<p>Tages-Meetings im FAVORITE Parkhotel in Mainz Auf der Suche nach einem modernen Tagungshotel im Rhein-Main-Gebiet sind Sie beim FAVORITE Parkhotel in Mainz genau richtig. Wir sind nicht nur gut aus Frankfurt, Wiesbaden und anderen wichtigen St\u00e4dten der Region erreichbar. Bei uns finden Sie auch vielseitige R\u00e4umlichkeiten, die wir ganz an Ihre Bed\u00fcrfnisse und W\u00fcnsche anpassen [&hellip;]<\/p>\n","protected":false},"author":4,"featured_media":26674,"comment_status":"closed","ping_status":"closed","sticky":false,"template":"","format":"standard","meta":{"footnotes":""},"categories":[1],"tags":[],"class_list":["post-26665","post","type-post","status-publish","format-standard","has-post-thumbnail","hentry","category-allgemein"],"_links":{"self":[{"href":"https:\/\/www.favorite-mainz.de\/en\/wp-json\/wp\/v2\/posts\/26665","targetHints":{"allow":["GET"]}}],"collection":[{"href":"https:\/\/www.favorite-mainz.de\/en\/wp-json\/wp\/v2\/posts"}],"about":[{"href":"https:\/\/www.favorite-mainz.de\/en\/wp-json\/wp\/v2\/types\/post"}],"author":[{"embeddable":true,"href":"https:\/\/www.favorite-mainz.de\/en\/wp-json\/wp\/v2\/users\/4"}],"replies":[{"embeddable":true,"href":"https:\/\/www.favorite-mainz.de\/en\/wp-json\/wp\/v2\/comments?post=26665"}],"version-history":[{"count":8,"href":"https:\/\/www.favorite-mainz.de\/en\/wp-json\/wp\/v2\/posts\/26665\/revisions"}],"predecessor-version":[{"id":26673,"href":"https:\/\/www.favorite-mainz.de\/en\/wp-json\/wp\/v2\/posts\/26665\/revisions\/26673"}],"wp:featuredmedia":[{"embeddable":true,"href":"https:\/\/www.favorite-mainz.de\/en\/wp-json\/wp\/v2\/media\/26674"}],"wp:attachment":[{"href":"https:\/\/www.favorite-mainz.de\/en\/wp-json\/wp\/v2\/media?parent=26665"}],"wp:term":[{"taxonomy":"category","embeddable":true,"href":"https:\/\/www.favorite-mainz.de\/en\/wp-json\/wp\/v2\/categories?post=26665"},{"taxonomy":"post_tag","embeddable":true,"href":"https:\/\/www.favorite-mainz.de\/en\/wp-json\/wp\/v2\/tags?post=26665"}],"curies":[{"name":"wp","href":"https:\/\/api.w.org\/{rel}","templated":true}]}}